
{"id":18112,"date":"2023-09-26T16:44:07","date_gmt":"2023-09-26T15:44:07","guid":{"rendered":"https:\/\/freddymorezon.org\/?p=18112"},"modified":"2023-09-26T16:45:03","modified_gmt":"2023-09-26T15:45:03","slug":"rp-mortelle-randonnee-de-la-cour-au-jardin","status":"publish","type":"post","link":"https:\/\/freddymorezon.org\/en\/2023\/09\/26\/rp-mortelle-randonnee-de-la-cour-au-jardin\/","title":{"rendered":"RP &#8211; Mortelle Randonn\u00e9e &#8211; de la cour au jardin"},"content":{"rendered":"<blockquote>\n<h4>Citizen Jazz<\/h4>\n<p>Du jazz, parfois, souvent m\u00eame du free jazz \u00e0 la limite du rock psych\u00e9d\u00e9lique ou de la musique concr\u00e8te sans oublier la musique pop.<br \/>\nUn moment festif, joyeux, jamais ennuyeux et toujours passionnant. Une incontestable et totale r\u00e9ussite artistique !<\/p>\n<\/blockquote>\n<p style=\"text-align: right;\">De la cour au jardin &#8211; July 2023<\/p>\n<p style=\"text-align: right;\"><a href=\"http:\/\/delacouraujardin.over-blog.com\/2023\/07\/mortelle-randonnee-en-concert-a-l-astrada-jazz-in-marciac.html?fbclid=IwAR3KvlwxWjCIN-OWRgO6uFGY6BBxcWtaWfRYGgUtnYkXuPcBHeqn3pDRCC4_aem_AXqomtrAnkdsdw6-pb0o9PYRUGDqNCiv0hYgLKv0u3M6B0dYKft2LPYJNFXTIhaXSus\" target=\"_blank\" rel=\"noopener noreferrer\"><i class=\"fa fa-chevron-right fa-2x\"><\/i> Read the article<\/a><\/p>","protected":false},"excerpt":{"rendered":"<p>Citizen Jazz Du jazz, parfois, souvent m\u00eame du free jazz \u00e0 la limite du rock psych\u00e9d\u00e9lique ou de la musique concr\u00e8te sans oublier la musique pop. Un moment festif, joyeux, jamais ennuyeux et toujours passionnant. Une incontestable et totale r\u00e9ussite artistique ! De la cour au jardin &#8211; July 2023 Read the article<\/p>\n","protected":false},"author":1,"featured_media":0,"comment_status":"closed","ping_status":"open","sticky":false,"template":"","format":"quote","meta":{"om_disable_all_campaigns":false,"_monsterinsights_skip_tracking":false,"_monsterinsights_sitenote_active":false,"_monsterinsights_sitenote_note":"","_monsterinsights_sitenote_category":0,"_uf_show_specific_survey":0,"_uf_disable_surveys":false,"footnotes":""},"categories":[736,90],"tags":[],"class_list":["post-18112","post","type-post","status-publish","format-quote","hentry","category-mortelle-randonnee","category-revue-de-presse","post_format-post-format-quote"],"aioseo_notices":[],"yoast_head":"<!-- This site is optimized with the Yoast SEO plugin v27.4 - https:\/\/yoast.com\/product\/yoast-seo-wordpress\/ -->\n<title>RP - Mortelle Randonn\u00e9e - de la cour au jardin | Freddy Morezon<\/title>\n<meta name=\"robots\" content=\"index, follow, max-snippet:-1, max-image-preview:large, max-video-preview:-1\" \/>\n<link rel=\"canonical\" href=\"https:\/\/freddymorezon.org\/2023\/09\/26\/rp-mortelle-randonnee-de-la-cour-au-jardin\/\" \/>\n<meta property=\"og:locale\" content=\"en_US\" \/>\n<meta property=\"og:type\" content=\"article\" \/>\n<meta property=\"og:title\" content=\"RP - Mortelle Randonn\u00e9e - de la cour au jardin | Freddy Morezon\" \/>\n<meta property=\"og:description\" content=\"Citizen Jazz Du jazz, parfois, souvent m\u00eame du free jazz \u00e0 la limite du rock psych\u00e9d\u00e9lique ou de la musique concr\u00e8te sans oublier la musique pop. Un moment festif, joyeux, jamais ennuyeux et toujours passionnant. Une incontestable et totale r\u00e9ussite artistique ! De la cour au jardin &#8211; July 2023 Read the article\" \/>\n<meta property=\"og:url\" content=\"https:\/\/freddymorezon.org\/2023\/09\/26\/rp-mortelle-randonnee-de-la-cour-au-jardin\/\" \/>\n<meta property=\"og:site_name\" content=\"Freddy Morezon\" \/>\n<meta property=\"article:publisher\" content=\"https:\/\/www.facebook.com\/freddy.morezon\/\" \/>\n<meta property=\"article:published_time\" content=\"2023-09-26T15:44:07+00:00\" \/>\n<meta property=\"article:modified_time\" content=\"2023-09-26T15:45:03+00:00\" \/>\n<meta property=\"og:image\" content=\"https:\/\/freddymorezon.org\/wp-content\/uploads\/2016\/02\/mini-logo-header-site2.jpg\" \/>\n\t<meta property=\"og:image:width\" content=\"234\" \/>\n\t<meta property=\"og:image:height\" content=\"174\" \/>\n\t<meta property=\"og:image:type\" content=\"image\/jpeg\" \/>\n<meta name=\"author\" content=\"Freddy\" \/>\n<meta name=\"twitter:card\" content=\"summary_large_image\" \/>\n<script type=\"application\/ld+json\" class=\"yoast-schema-graph\">{\"@context\":\"https:\\\/\\\/schema.org\",\"@graph\":[{\"@type\":\"Article\",\"@id\":\"https:\\\/\\\/freddymorezon.org\\\/2023\\\/09\\\/26\\\/rp-mortelle-randonnee-de-la-cour-au-jardin\\\/#article\",\"isPartOf\":{\"@id\":\"https:\\\/\\\/freddymorezon.org\\\/2023\\\/09\\\/26\\\/rp-mortelle-randonnee-de-la-cour-au-jardin\\\/\"},\"author\":{\"name\":\"Freddy\",\"@id\":\"https:\\\/\\\/freddymorezon.org\\\/#\\\/schema\\\/person\\\/1a8436c8147db52efff6caac3517ecaa\"},\"headline\":\"RP &#8211; Mortelle Randonn\u00e9e &#8211; de la cour au jardin\",\"datePublished\":\"2023-09-26T15:44:07+00:00\",\"dateModified\":\"2023-09-26T15:45:03+00:00\",\"mainEntityOfPage\":{\"@id\":\"https:\\\/\\\/freddymorezon.org\\\/2023\\\/09\\\/26\\\/rp-mortelle-randonnee-de-la-cour-au-jardin\\\/\"},\"wordCount\":73,\"publisher\":{\"@id\":\"https:\\\/\\\/freddymorezon.org\\\/#organization\"},\"articleSection\":[\"Mortelle Randonn\u00e9e\",\"Revue de presse\"],\"inLanguage\":\"en-US\"},{\"@type\":\"WebPage\",\"@id\":\"https:\\\/\\\/freddymorezon.org\\\/2023\\\/09\\\/26\\\/rp-mortelle-randonnee-de-la-cour-au-jardin\\\/\",\"url\":\"https:\\\/\\\/freddymorezon.org\\\/2023\\\/09\\\/26\\\/rp-mortelle-randonnee-de-la-cour-au-jardin\\\/\",\"name\":\"RP - Mortelle Randonn\u00e9e - de la cour au jardin | Freddy Morezon\",\"isPartOf\":{\"@id\":\"https:\\\/\\\/freddymorezon.org\\\/#website\"},\"datePublished\":\"2023-09-26T15:44:07+00:00\",\"dateModified\":\"2023-09-26T15:45:03+00:00\",\"breadcrumb\":{\"@id\":\"https:\\\/\\\/freddymorezon.org\\\/2023\\\/09\\\/26\\\/rp-mortelle-randonnee-de-la-cour-au-jardin\\\/#breadcrumb\"},\"inLanguage\":\"en-US\",\"potentialAction\":[{\"@type\":\"ReadAction\",\"target\":[\"https:\\\/\\\/freddymorezon.org\\\/2023\\\/09\\\/26\\\/rp-mortelle-randonnee-de-la-cour-au-jardin\\\/\"]}]},{\"@type\":\"BreadcrumbList\",\"@id\":\"https:\\\/\\\/freddymorezon.org\\\/2023\\\/09\\\/26\\\/rp-mortelle-randonnee-de-la-cour-au-jardin\\\/#breadcrumb\",\"itemListElement\":[{\"@type\":\"ListItem\",\"position\":1,\"name\":\"Accueil\",\"item\":\"https:\\\/\\\/freddymorezon.org\\\/\"},{\"@type\":\"ListItem\",\"position\":2,\"name\":\"RP &#8211; Mortelle Randonn\u00e9e &#8211; de la cour au jardin\"}]},{\"@type\":\"WebSite\",\"@id\":\"https:\\\/\\\/freddymorezon.org\\\/#website\",\"url\":\"https:\\\/\\\/freddymorezon.org\\\/\",\"name\":\"Freddy Morezon\",\"description\":\"jazz - musique improvis\u00e9e - esth\u00e9tiques plurielles\",\"publisher\":{\"@id\":\"https:\\\/\\\/freddymorezon.org\\\/#organization\"},\"potentialAction\":[{\"@type\":\"SearchAction\",\"target\":{\"@type\":\"EntryPoint\",\"urlTemplate\":\"https:\\\/\\\/freddymorezon.org\\\/?s={search_term_string}\"},\"query-input\":{\"@type\":\"PropertyValueSpecification\",\"valueRequired\":true,\"valueName\":\"search_term_string\"}}],\"inLanguage\":\"en-US\"},{\"@type\":\"Organization\",\"@id\":\"https:\\\/\\\/freddymorezon.org\\\/#organization\",\"name\":\"Association Freddy Morezon\",\"url\":\"https:\\\/\\\/freddymorezon.org\\\/\",\"logo\":{\"@type\":\"ImageObject\",\"inLanguage\":\"en-US\",\"@id\":\"https:\\\/\\\/freddymorezon.org\\\/#\\\/schema\\\/logo\\\/image\\\/\",\"url\":\"https:\\\/\\\/freddymorezon.org\\\/wp-content\\\/uploads\\\/2016\\\/02\\\/mini-logo-header-site2.jpg\",\"contentUrl\":\"https:\\\/\\\/freddymorezon.org\\\/wp-content\\\/uploads\\\/2016\\\/02\\\/mini-logo-header-site2.jpg\",\"width\":234,\"height\":174,\"caption\":\"Association Freddy Morezon\"},\"image\":{\"@id\":\"https:\\\/\\\/freddymorezon.org\\\/#\\\/schema\\\/logo\\\/image\\\/\"},\"sameAs\":[\"https:\\\/\\\/www.facebook.com\\\/freddy.morezon\\\/\",\"https:\\\/\\\/www.instagram.com\\\/freddymorezon\\\/\",\"https:\\\/\\\/www.youtube.com\\\/user\\\/freddymorezon\",\"https:\\\/\\\/fr.linkedin.com\\\/company\\\/freddy-morezon-p.r.o.d.\"]},{\"@type\":\"Person\",\"@id\":\"https:\\\/\\\/freddymorezon.org\\\/#\\\/schema\\\/person\\\/1a8436c8147db52efff6caac3517ecaa\",\"name\":\"Freddy\",\"image\":{\"@type\":\"ImageObject\",\"inLanguage\":\"en-US\",\"@id\":\"https:\\\/\\\/secure.gravatar.com\\\/avatar\\\/3edb0008226bf28bd0535a383351d393876682ef5bf450e1b89d76c72054e7e7?s=96&d=mm&r=g\",\"url\":\"https:\\\/\\\/secure.gravatar.com\\\/avatar\\\/3edb0008226bf28bd0535a383351d393876682ef5bf450e1b89d76c72054e7e7?s=96&d=mm&r=g\",\"contentUrl\":\"https:\\\/\\\/secure.gravatar.com\\\/avatar\\\/3edb0008226bf28bd0535a383351d393876682ef5bf450e1b89d76c72054e7e7?s=96&d=mm&r=g\",\"caption\":\"Freddy\"}}]}<\/script>\n<!-- \/ Yoast SEO plugin. -->","yoast_head_json":{"title":"RP - Mortelle Randonn\u00e9e - de la cour au jardin | Freddy Morezon","robots":{"index":"index","follow":"follow","max-snippet":"max-snippet:-1","max-image-preview":"max-image-preview:large","max-video-preview":"max-video-preview:-1"},"canonical":"https:\/\/freddymorezon.org\/2023\/09\/26\/rp-mortelle-randonnee-de-la-cour-au-jardin\/","og_locale":"en_US","og_type":"article","og_title":"RP - Mortelle Randonn\u00e9e - de la cour au jardin | Freddy Morezon","og_description":"Citizen Jazz Du jazz, parfois, souvent m\u00eame du free jazz \u00e0 la limite du rock psych\u00e9d\u00e9lique ou de la musique concr\u00e8te sans oublier la musique pop. Un moment festif, joyeux, jamais ennuyeux et toujours passionnant. Une incontestable et totale r\u00e9ussite artistique ! De la cour au jardin &#8211; July 2023 Read the article","og_url":"https:\/\/freddymorezon.org\/2023\/09\/26\/rp-mortelle-randonnee-de-la-cour-au-jardin\/","og_site_name":"Freddy Morezon","article_publisher":"https:\/\/www.facebook.com\/freddy.morezon\/","article_published_time":"2023-09-26T15:44:07+00:00","article_modified_time":"2023-09-26T15:45:03+00:00","og_image":[{"width":234,"height":174,"url":"https:\/\/freddymorezon.org\/wp-content\/uploads\/2016\/02\/mini-logo-header-site2.jpg","type":"image\/jpeg"}],"author":"Freddy","twitter_card":"summary_large_image","schema":{"@context":"https:\/\/schema.org","@graph":[{"@type":"Article","@id":"https:\/\/freddymorezon.org\/2023\/09\/26\/rp-mortelle-randonnee-de-la-cour-au-jardin\/#article","isPartOf":{"@id":"https:\/\/freddymorezon.org\/2023\/09\/26\/rp-mortelle-randonnee-de-la-cour-au-jardin\/"},"author":{"name":"Freddy","@id":"https:\/\/freddymorezon.org\/#\/schema\/person\/1a8436c8147db52efff6caac3517ecaa"},"headline":"RP &#8211; Mortelle Randonn\u00e9e &#8211; de la cour au jardin","datePublished":"2023-09-26T15:44:07+00:00","dateModified":"2023-09-26T15:45:03+00:00","mainEntityOfPage":{"@id":"https:\/\/freddymorezon.org\/2023\/09\/26\/rp-mortelle-randonnee-de-la-cour-au-jardin\/"},"wordCount":73,"publisher":{"@id":"https:\/\/freddymorezon.org\/#organization"},"articleSection":["Mortelle Randonn\u00e9e","Revue de presse"],"inLanguage":"en-US"},{"@type":"WebPage","@id":"https:\/\/freddymorezon.org\/2023\/09\/26\/rp-mortelle-randonnee-de-la-cour-au-jardin\/","url":"https:\/\/freddymorezon.org\/2023\/09\/26\/rp-mortelle-randonnee-de-la-cour-au-jardin\/","name":"RP - Mortelle Randonn\u00e9e - de la cour au jardin | Freddy Morezon","isPartOf":{"@id":"https:\/\/freddymorezon.org\/#website"},"datePublished":"2023-09-26T15:44:07+00:00","dateModified":"2023-09-26T15:45:03+00:00","breadcrumb":{"@id":"https:\/\/freddymorezon.org\/2023\/09\/26\/rp-mortelle-randonnee-de-la-cour-au-jardin\/#breadcrumb"},"inLanguage":"en-US","potentialAction":[{"@type":"ReadAction","target":["https:\/\/freddymorezon.org\/2023\/09\/26\/rp-mortelle-randonnee-de-la-cour-au-jardin\/"]}]},{"@type":"BreadcrumbList","@id":"https:\/\/freddymorezon.org\/2023\/09\/26\/rp-mortelle-randonnee-de-la-cour-au-jardin\/#breadcrumb","itemListElement":[{"@type":"ListItem","position":1,"name":"Accueil","item":"https:\/\/freddymorezon.org\/"},{"@type":"ListItem","position":2,"name":"RP &#8211; Mortelle Randonn\u00e9e &#8211; de la cour au jardin"}]},{"@type":"WebSite","@id":"https:\/\/freddymorezon.org\/#website","url":"https:\/\/freddymorezon.org\/","name":"Freddy Morezon","description":"jazz - musique improvis\u00e9e - esth\u00e9tiques plurielles","publisher":{"@id":"https:\/\/freddymorezon.org\/#organization"},"potentialAction":[{"@type":"SearchAction","target":{"@type":"EntryPoint","urlTemplate":"https:\/\/freddymorezon.org\/?s={search_term_string}"},"query-input":{"@type":"PropertyValueSpecification","valueRequired":true,"valueName":"search_term_string"}}],"inLanguage":"en-US"},{"@type":"Organization","@id":"https:\/\/freddymorezon.org\/#organization","name":"Association Freddy Morezon","url":"https:\/\/freddymorezon.org\/","logo":{"@type":"ImageObject","inLanguage":"en-US","@id":"https:\/\/freddymorezon.org\/#\/schema\/logo\/image\/","url":"https:\/\/freddymorezon.org\/wp-content\/uploads\/2016\/02\/mini-logo-header-site2.jpg","contentUrl":"https:\/\/freddymorezon.org\/wp-content\/uploads\/2016\/02\/mini-logo-header-site2.jpg","width":234,"height":174,"caption":"Association Freddy Morezon"},"image":{"@id":"https:\/\/freddymorezon.org\/#\/schema\/logo\/image\/"},"sameAs":["https:\/\/www.facebook.com\/freddy.morezon\/","https:\/\/www.instagram.com\/freddymorezon\/","https:\/\/www.youtube.com\/user\/freddymorezon","https:\/\/fr.linkedin.com\/company\/freddy-morezon-p.r.o.d."]},{"@type":"Person","@id":"https:\/\/freddymorezon.org\/#\/schema\/person\/1a8436c8147db52efff6caac3517ecaa","name":"Freddy","image":{"@type":"ImageObject","inLanguage":"en-US","@id":"https:\/\/secure.gravatar.com\/avatar\/3edb0008226bf28bd0535a383351d393876682ef5bf450e1b89d76c72054e7e7?s=96&d=mm&r=g","url":"https:\/\/secure.gravatar.com\/avatar\/3edb0008226bf28bd0535a383351d393876682ef5bf450e1b89d76c72054e7e7?s=96&d=mm&r=g","contentUrl":"https:\/\/secure.gravatar.com\/avatar\/3edb0008226bf28bd0535a383351d393876682ef5bf450e1b89d76c72054e7e7?s=96&d=mm&r=g","caption":"Freddy"}}]}},"_links":{"self":[{"href":"https:\/\/freddymorezon.org\/en\/wp-json\/wp\/v2\/posts\/18112","targetHints":{"allow":["GET"]}}],"collection":[{"href":"https:\/\/freddymorezon.org\/en\/wp-json\/wp\/v2\/posts"}],"about":[{"href":"https:\/\/freddymorezon.org\/en\/wp-json\/wp\/v2\/types\/post"}],"author":[{"embeddable":true,"href":"https:\/\/freddymorezon.org\/en\/wp-json\/wp\/v2\/users\/1"}],"replies":[{"embeddable":true,"href":"https:\/\/freddymorezon.org\/en\/wp-json\/wp\/v2\/comments?post=18112"}],"version-history":[{"count":2,"href":"https:\/\/freddymorezon.org\/en\/wp-json\/wp\/v2\/posts\/18112\/revisions"}],"predecessor-version":[{"id":18116,"href":"https:\/\/freddymorezon.org\/en\/wp-json\/wp\/v2\/posts\/18112\/revisions\/18116"}],"wp:attachment":[{"href":"https:\/\/freddymorezon.org\/en\/wp-json\/wp\/v2\/media?parent=18112"}],"wp:term":[{"taxonomy":"category","embeddable":true,"href":"https:\/\/freddymorezon.org\/en\/wp-json\/wp\/v2\/categories?post=18112"},{"taxonomy":"post_tag","embeddable":true,"href":"https:\/\/freddymorezon.org\/en\/wp-json\/wp\/v2\/tags?post=18112"}],"curies":[{"name":"wp","href":"https:\/\/api.w.org\/{rel}","templated":true}]}}