
{"id":4398,"date":"2017-10-18T13:09:38","date_gmt":"2017-10-18T12:09:38","guid":{"rendered":"https:\/\/freddymorezon.org\/?p=4398"},"modified":"2019-01-24T12:39:58","modified_gmt":"2019-01-24T11:39:58","slug":"iana","status":"publish","type":"post","link":"https:\/\/freddymorezon.org\/en\/2017\/10\/18\/iana\/","title":{"rendered":"NOUVEL ALBUM ::: Iana ::: D&#8217;une Extr\u00eame \u00e0 l&#8217;autre &#8211; Live at Donaueschingen ::: Mr Morezon"},"content":{"rendered":"<p><b>L&#8217;album de Iana <em>d&#8217;une Extr\u00eame \u00e0 l&#8217;autre<\/em><\/b> est paru en novembre dernier sur notre label Mr Morezon. L&#8217;album r\u00e9unit la sublime performance du duo au festival Donaueschingen le 21 octobre 2017 (&#8220;d&#8217;une Extr\u00eame \u00e0 l&#8217;autre&#8221;), pr\u00e9c\u00e9d\u00e9 de quelques morceaux exp\u00e9riment\u00e9s \u00e0 cette occasion dans les studios de la radio SWR2, \u00e0 Fribourg.<br \/>\n&nbsp;<\/p>\n<blockquote><p>&#8220;Certains albums sont donc plus importants que d&#8217;autres, et celui-l\u00e0 l&#8217;est incontestablement pour l&#8217;originalit\u00e9 de sa d\u00e9marche et le croisement de ses origines. Peut-\u00eatre tenons-nous enfin l&#8217;exemple d&#8217;une fusion r\u00e9elle, puisqu&#8217;issue de styles divers, aptes \u00e0 en g\u00e9n\u00e9rer un troisi\u00e8me auquel nous serions bien en peine de trouver un nom tant il se d\u00e9marque \u00e0 la fois de l&#8217;improvisation libre, du contemporain, voire d&#8217;un hypoth\u00e9tique <em>third stream<\/em>&#8230; En sommes, la sensation demeure d&#8217;avoir atteint ici cette terra incognita qui terrorise autant qu&#8217;elle les fascine les plus aventureux de nos explorateurs.&#8221; <\/p>\n<p style=\"text-align: right;\">Jo\u00ebl Pagier, Revue &#038; Corrig\u00e9e n\u00b0118, d\u00e9cembre 2018<\/p>\n<\/blockquote>\n<p>Album disponible <a href=\"https:\/\/freddymorezon.org\/label\/dune-extreme-a-lautre-live-at-donaueschingen\/\" title=\"+ d'infos &#038; pr\u00e9-commande\">sur notre site<\/a>, sur <a href=\"https:\/\/mrmorezon.bandcamp.com\/album\/dune-extr-me-lautre\" title=\"bandcamp Mr Morezon - Iana - D'une Extr\u00eame \u00e0 l'autre\">bandcamp<\/a>, sur les plateformes num\u00e9riques &#038; chez tous les bons disquaires !<\/p>\n","protected":false},"excerpt":{"rendered":"<p>L&#8217;album de Iana d&#8217;une Extr\u00eame \u00e0 l&#8217;autre est paru en novembre dernier sur notre label Mr Morezon. L&#8217;album r\u00e9unit la sublime performance du duo au festival Donaueschingen le 21 octobre 2017 (&#8220;d&#8217;une Extr\u00eame \u00e0 l&#8217;autre&#8221;), pr\u00e9c\u00e9d\u00e9 de quelques morceaux exp\u00e9riment\u00e9s \u00e0 cette occasion dans les studios de la radio SWR2, \u00e0 Fribourg. &nbsp; &#8220;Certains albums&hellip;<\/p>\n<p><a class=\"more-link\" href=\"https:\/\/freddymorezon.org\/en\/2017\/10\/18\/iana\/\" title=\"Continue reading &lsquo;NOUVEL ALBUM ::: Iana ::: D&#8217;une Extr\u00eame \u00e0 l&#8217;autre &#8211; Live at Donaueschingen ::: Mr Morezon&rsquo;\">Continue reading <span class=\"meta-nav\">&rarr;<\/span><\/a><\/p>\n","protected":false},"author":1,"featured_media":5809,"comment_status":"closed","ping_status":"open","sticky":false,"template":"","format":"aside","meta":{"om_disable_all_campaigns":false,"_monsterinsights_skip_tracking":false,"_monsterinsights_sitenote_active":false,"_monsterinsights_sitenote_note":"","_monsterinsights_sitenote_category":0,"_uf_show_specific_survey":0,"_uf_disable_surveys":false,"footnotes":""},"categories":[102,283,113],"tags":[],"class_list":["post-4398","post","type-post","status-publish","format-aside","has-post-thumbnail","hentry","category-actualite","category-christine-wodrascka","category-duo-wodrascka-hovette","post_format-post-format-aside"],"aioseo_notices":[],"yoast_head":"<!-- This site is optimized with the Yoast SEO plugin v27.4 - https:\/\/yoast.com\/product\/yoast-seo-wordpress\/ -->\n<title>NOUVEL ALBUM ::: Iana ::: D&#039;une Extr\u00eame \u00e0 l&#039;autre - Live at Donaueschingen ::: Mr Morezon | Freddy Morezon<\/title>\n<meta name=\"robots\" content=\"index, follow, max-snippet:-1, max-image-preview:large, max-video-preview:-1\" \/>\n<link rel=\"canonical\" href=\"https:\/\/freddymorezon.org\/2017\/10\/18\/iana\/\" \/>\n<meta property=\"og:locale\" content=\"en_US\" \/>\n<meta property=\"og:type\" content=\"article\" \/>\n<meta property=\"og:title\" content=\"NOUVEL ALBUM ::: Iana ::: D&#039;une Extr\u00eame \u00e0 l&#039;autre - Live at Donaueschingen ::: Mr Morezon | Freddy Morezon\" \/>\n<meta property=\"og:description\" content=\"L&#8217;album de Iana d&#8217;une Extr\u00eame \u00e0 l&#8217;autre est paru en novembre dernier sur notre label Mr Morezon. L&#8217;album r\u00e9unit la sublime performance du duo au festival Donaueschingen le 21 octobre 2017 (&#8220;d&#8217;une Extr\u00eame \u00e0 l&#8217;autre&#8221;), pr\u00e9c\u00e9d\u00e9 de quelques morceaux exp\u00e9riment\u00e9s \u00e0 cette occasion dans les studios de la radio SWR2, \u00e0 Fribourg. &nbsp; &#8220;Certains albums&hellip;Continue reading &rarr;\" \/>\n<meta property=\"og:url\" content=\"https:\/\/freddymorezon.org\/2017\/10\/18\/iana\/\" \/>\n<meta property=\"og:site_name\" content=\"Freddy Morezon\" \/>\n<meta property=\"article:publisher\" content=\"https:\/\/www.facebook.com\/freddy.morezon\/\" \/>\n<meta property=\"article:published_time\" content=\"2017-10-18T12:09:38+00:00\" \/>\n<meta property=\"article:modified_time\" content=\"2019-01-24T11:39:58+00:00\" \/>\n<meta property=\"og:image\" content=\"https:\/\/freddymorezon.org\/wp-content\/uploads\/2018\/07\/2018_iana_pochette_confliktarts_v1-visuel.jpg\" \/>\n\t<meta property=\"og:image:width\" content=\"1624\" \/>\n\t<meta property=\"og:image:height\" content=\"1477\" \/>\n\t<meta property=\"og:image:type\" content=\"image\/jpeg\" \/>\n<meta name=\"author\" content=\"Freddy\" \/>\n<meta name=\"twitter:card\" content=\"summary_large_image\" \/>\n<script type=\"application\/ld+json\" class=\"yoast-schema-graph\">{\"@context\":\"https:\\\/\\\/schema.org\",\"@graph\":[{\"@type\":\"Article\",\"@id\":\"https:\\\/\\\/freddymorezon.org\\\/2017\\\/10\\\/18\\\/iana\\\/#article\",\"isPartOf\":{\"@id\":\"https:\\\/\\\/freddymorezon.org\\\/2017\\\/10\\\/18\\\/iana\\\/\"},\"author\":{\"name\":\"Freddy\",\"@id\":\"https:\\\/\\\/freddymorezon.org\\\/#\\\/schema\\\/person\\\/1a8436c8147db52efff6caac3517ecaa\"},\"headline\":\"NOUVEL ALBUM ::: Iana ::: D&#8217;une Extr\u00eame \u00e0 l&#8217;autre &#8211; Live at Donaueschingen ::: Mr Morezon\",\"datePublished\":\"2017-10-18T12:09:38+00:00\",\"dateModified\":\"2019-01-24T11:39:58+00:00\",\"mainEntityOfPage\":{\"@id\":\"https:\\\/\\\/freddymorezon.org\\\/2017\\\/10\\\/18\\\/iana\\\/\"},\"wordCount\":189,\"publisher\":{\"@id\":\"https:\\\/\\\/freddymorezon.org\\\/#organization\"},\"image\":{\"@id\":\"https:\\\/\\\/freddymorezon.org\\\/2017\\\/10\\\/18\\\/iana\\\/#primaryimage\"},\"thumbnailUrl\":\"https:\\\/\\\/freddymorezon.org\\\/wp-content\\\/uploads\\\/2018\\\/07\\\/2018_iana_pochette_confliktarts_v1-visuel.jpg\",\"articleSection\":[\"Actualit\u00e9\",\"Christine Wodrascka\",\"Duo Wodrascka-Hovette\"],\"inLanguage\":\"en-US\"},{\"@type\":\"WebPage\",\"@id\":\"https:\\\/\\\/freddymorezon.org\\\/2017\\\/10\\\/18\\\/iana\\\/\",\"url\":\"https:\\\/\\\/freddymorezon.org\\\/2017\\\/10\\\/18\\\/iana\\\/\",\"name\":\"NOUVEL ALBUM ::: Iana ::: D'une Extr\u00eame \u00e0 l'autre - Live at Donaueschingen ::: Mr Morezon | Freddy Morezon\",\"isPartOf\":{\"@id\":\"https:\\\/\\\/freddymorezon.org\\\/#website\"},\"primaryImageOfPage\":{\"@id\":\"https:\\\/\\\/freddymorezon.org\\\/2017\\\/10\\\/18\\\/iana\\\/#primaryimage\"},\"image\":{\"@id\":\"https:\\\/\\\/freddymorezon.org\\\/2017\\\/10\\\/18\\\/iana\\\/#primaryimage\"},\"thumbnailUrl\":\"https:\\\/\\\/freddymorezon.org\\\/wp-content\\\/uploads\\\/2018\\\/07\\\/2018_iana_pochette_confliktarts_v1-visuel.jpg\",\"datePublished\":\"2017-10-18T12:09:38+00:00\",\"dateModified\":\"2019-01-24T11:39:58+00:00\",\"breadcrumb\":{\"@id\":\"https:\\\/\\\/freddymorezon.org\\\/2017\\\/10\\\/18\\\/iana\\\/#breadcrumb\"},\"inLanguage\":\"en-US\",\"potentialAction\":[{\"@type\":\"ReadAction\",\"target\":[\"https:\\\/\\\/freddymorezon.org\\\/2017\\\/10\\\/18\\\/iana\\\/\"]}]},{\"@type\":\"ImageObject\",\"inLanguage\":\"en-US\",\"@id\":\"https:\\\/\\\/freddymorezon.org\\\/2017\\\/10\\\/18\\\/iana\\\/#primaryimage\",\"url\":\"https:\\\/\\\/freddymorezon.org\\\/wp-content\\\/uploads\\\/2018\\\/07\\\/2018_iana_pochette_confliktarts_v1-visuel.jpg\",\"contentUrl\":\"https:\\\/\\\/freddymorezon.org\\\/wp-content\\\/uploads\\\/2018\\\/07\\\/2018_iana_pochette_confliktarts_v1-visuel.jpg\",\"width\":1624,\"height\":1477},{\"@type\":\"BreadcrumbList\",\"@id\":\"https:\\\/\\\/freddymorezon.org\\\/2017\\\/10\\\/18\\\/iana\\\/#breadcrumb\",\"itemListElement\":[{\"@type\":\"ListItem\",\"position\":1,\"name\":\"Accueil\",\"item\":\"https:\\\/\\\/freddymorezon.org\\\/\"},{\"@type\":\"ListItem\",\"position\":2,\"name\":\"NOUVEL ALBUM ::: Iana ::: D&rsquo;une Extr\u00eame \u00e0 l&rsquo;autre &#8211; Live at Donaueschingen ::: Mr Morezon\"}]},{\"@type\":\"WebSite\",\"@id\":\"https:\\\/\\\/freddymorezon.org\\\/#website\",\"url\":\"https:\\\/\\\/freddymorezon.org\\\/\",\"name\":\"Freddy Morezon\",\"description\":\"jazz - musique improvis\u00e9e - esth\u00e9tiques plurielles\",\"publisher\":{\"@id\":\"https:\\\/\\\/freddymorezon.org\\\/#organization\"},\"potentialAction\":[{\"@type\":\"SearchAction\",\"target\":{\"@type\":\"EntryPoint\",\"urlTemplate\":\"https:\\\/\\\/freddymorezon.org\\\/?s={search_term_string}\"},\"query-input\":{\"@type\":\"PropertyValueSpecification\",\"valueRequired\":true,\"valueName\":\"search_term_string\"}}],\"inLanguage\":\"en-US\"},{\"@type\":\"Organization\",\"@id\":\"https:\\\/\\\/freddymorezon.org\\\/#organization\",\"name\":\"Association Freddy Morezon\",\"url\":\"https:\\\/\\\/freddymorezon.org\\\/\",\"logo\":{\"@type\":\"ImageObject\",\"inLanguage\":\"en-US\",\"@id\":\"https:\\\/\\\/freddymorezon.org\\\/#\\\/schema\\\/logo\\\/image\\\/\",\"url\":\"https:\\\/\\\/freddymorezon.org\\\/wp-content\\\/uploads\\\/2016\\\/02\\\/mini-logo-header-site2.jpg\",\"contentUrl\":\"https:\\\/\\\/freddymorezon.org\\\/wp-content\\\/uploads\\\/2016\\\/02\\\/mini-logo-header-site2.jpg\",\"width\":234,\"height\":174,\"caption\":\"Association Freddy Morezon\"},\"image\":{\"@id\":\"https:\\\/\\\/freddymorezon.org\\\/#\\\/schema\\\/logo\\\/image\\\/\"},\"sameAs\":[\"https:\\\/\\\/www.facebook.com\\\/freddy.morezon\\\/\",\"https:\\\/\\\/www.instagram.com\\\/freddymorezon\\\/\",\"https:\\\/\\\/www.youtube.com\\\/user\\\/freddymorezon\",\"https:\\\/\\\/fr.linkedin.com\\\/company\\\/freddy-morezon-p.r.o.d.\"]},{\"@type\":\"Person\",\"@id\":\"https:\\\/\\\/freddymorezon.org\\\/#\\\/schema\\\/person\\\/1a8436c8147db52efff6caac3517ecaa\",\"name\":\"Freddy\",\"image\":{\"@type\":\"ImageObject\",\"inLanguage\":\"en-US\",\"@id\":\"https:\\\/\\\/secure.gravatar.com\\\/avatar\\\/3edb0008226bf28bd0535a383351d393876682ef5bf450e1b89d76c72054e7e7?s=96&d=mm&r=g\",\"url\":\"https:\\\/\\\/secure.gravatar.com\\\/avatar\\\/3edb0008226bf28bd0535a383351d393876682ef5bf450e1b89d76c72054e7e7?s=96&d=mm&r=g\",\"contentUrl\":\"https:\\\/\\\/secure.gravatar.com\\\/avatar\\\/3edb0008226bf28bd0535a383351d393876682ef5bf450e1b89d76c72054e7e7?s=96&d=mm&r=g\",\"caption\":\"Freddy\"}}]}<\/script>\n<!-- \/ Yoast SEO plugin. -->","yoast_head_json":{"title":"NOUVEL ALBUM ::: Iana ::: D'une Extr\u00eame \u00e0 l'autre - Live at Donaueschingen ::: Mr Morezon | Freddy Morezon","robots":{"index":"index","follow":"follow","max-snippet":"max-snippet:-1","max-image-preview":"max-image-preview:large","max-video-preview":"max-video-preview:-1"},"canonical":"https:\/\/freddymorezon.org\/2017\/10\/18\/iana\/","og_locale":"en_US","og_type":"article","og_title":"NOUVEL ALBUM ::: Iana ::: D'une Extr\u00eame \u00e0 l'autre - Live at Donaueschingen ::: Mr Morezon | Freddy Morezon","og_description":"L&#8217;album de Iana d&#8217;une Extr\u00eame \u00e0 l&#8217;autre est paru en novembre dernier sur notre label Mr Morezon. L&#8217;album r\u00e9unit la sublime performance du duo au festival Donaueschingen le 21 octobre 2017 (&#8220;d&#8217;une Extr\u00eame \u00e0 l&#8217;autre&#8221;), pr\u00e9c\u00e9d\u00e9 de quelques morceaux exp\u00e9riment\u00e9s \u00e0 cette occasion dans les studios de la radio SWR2, \u00e0 Fribourg. &nbsp; &#8220;Certains albums&hellip;Continue reading &rarr;","og_url":"https:\/\/freddymorezon.org\/2017\/10\/18\/iana\/","og_site_name":"Freddy Morezon","article_publisher":"https:\/\/www.facebook.com\/freddy.morezon\/","article_published_time":"2017-10-18T12:09:38+00:00","article_modified_time":"2019-01-24T11:39:58+00:00","og_image":[{"width":1624,"height":1477,"url":"https:\/\/freddymorezon.org\/wp-content\/uploads\/2018\/07\/2018_iana_pochette_confliktarts_v1-visuel.jpg","type":"image\/jpeg"}],"author":"Freddy","twitter_card":"summary_large_image","schema":{"@context":"https:\/\/schema.org","@graph":[{"@type":"Article","@id":"https:\/\/freddymorezon.org\/2017\/10\/18\/iana\/#article","isPartOf":{"@id":"https:\/\/freddymorezon.org\/2017\/10\/18\/iana\/"},"author":{"name":"Freddy","@id":"https:\/\/freddymorezon.org\/#\/schema\/person\/1a8436c8147db52efff6caac3517ecaa"},"headline":"NOUVEL ALBUM ::: Iana ::: D&#8217;une Extr\u00eame \u00e0 l&#8217;autre &#8211; Live at Donaueschingen ::: Mr Morezon","datePublished":"2017-10-18T12:09:38+00:00","dateModified":"2019-01-24T11:39:58+00:00","mainEntityOfPage":{"@id":"https:\/\/freddymorezon.org\/2017\/10\/18\/iana\/"},"wordCount":189,"publisher":{"@id":"https:\/\/freddymorezon.org\/#organization"},"image":{"@id":"https:\/\/freddymorezon.org\/2017\/10\/18\/iana\/#primaryimage"},"thumbnailUrl":"https:\/\/freddymorezon.org\/wp-content\/uploads\/2018\/07\/2018_iana_pochette_confliktarts_v1-visuel.jpg","articleSection":["Actualit\u00e9","Christine Wodrascka","Duo Wodrascka-Hovette"],"inLanguage":"en-US"},{"@type":"WebPage","@id":"https:\/\/freddymorezon.org\/2017\/10\/18\/iana\/","url":"https:\/\/freddymorezon.org\/2017\/10\/18\/iana\/","name":"NOUVEL ALBUM ::: Iana ::: D'une Extr\u00eame \u00e0 l'autre - Live at Donaueschingen ::: Mr Morezon | Freddy Morezon","isPartOf":{"@id":"https:\/\/freddymorezon.org\/#website"},"primaryImageOfPage":{"@id":"https:\/\/freddymorezon.org\/2017\/10\/18\/iana\/#primaryimage"},"image":{"@id":"https:\/\/freddymorezon.org\/2017\/10\/18\/iana\/#primaryimage"},"thumbnailUrl":"https:\/\/freddymorezon.org\/wp-content\/uploads\/2018\/07\/2018_iana_pochette_confliktarts_v1-visuel.jpg","datePublished":"2017-10-18T12:09:38+00:00","dateModified":"2019-01-24T11:39:58+00:00","breadcrumb":{"@id":"https:\/\/freddymorezon.org\/2017\/10\/18\/iana\/#breadcrumb"},"inLanguage":"en-US","potentialAction":[{"@type":"ReadAction","target":["https:\/\/freddymorezon.org\/2017\/10\/18\/iana\/"]}]},{"@type":"ImageObject","inLanguage":"en-US","@id":"https:\/\/freddymorezon.org\/2017\/10\/18\/iana\/#primaryimage","url":"https:\/\/freddymorezon.org\/wp-content\/uploads\/2018\/07\/2018_iana_pochette_confliktarts_v1-visuel.jpg","contentUrl":"https:\/\/freddymorezon.org\/wp-content\/uploads\/2018\/07\/2018_iana_pochette_confliktarts_v1-visuel.jpg","width":1624,"height":1477},{"@type":"BreadcrumbList","@id":"https:\/\/freddymorezon.org\/2017\/10\/18\/iana\/#breadcrumb","itemListElement":[{"@type":"ListItem","position":1,"name":"Accueil","item":"https:\/\/freddymorezon.org\/"},{"@type":"ListItem","position":2,"name":"NOUVEL ALBUM ::: Iana ::: D&rsquo;une Extr\u00eame \u00e0 l&rsquo;autre &#8211; Live at Donaueschingen ::: Mr Morezon"}]},{"@type":"WebSite","@id":"https:\/\/freddymorezon.org\/#website","url":"https:\/\/freddymorezon.org\/","name":"Freddy Morezon","description":"jazz - musique improvis\u00e9e - esth\u00e9tiques plurielles","publisher":{"@id":"https:\/\/freddymorezon.org\/#organization"},"potentialAction":[{"@type":"SearchAction","target":{"@type":"EntryPoint","urlTemplate":"https:\/\/freddymorezon.org\/?s={search_term_string}"},"query-input":{"@type":"PropertyValueSpecification","valueRequired":true,"valueName":"search_term_string"}}],"inLanguage":"en-US"},{"@type":"Organization","@id":"https:\/\/freddymorezon.org\/#organization","name":"Association Freddy Morezon","url":"https:\/\/freddymorezon.org\/","logo":{"@type":"ImageObject","inLanguage":"en-US","@id":"https:\/\/freddymorezon.org\/#\/schema\/logo\/image\/","url":"https:\/\/freddymorezon.org\/wp-content\/uploads\/2016\/02\/mini-logo-header-site2.jpg","contentUrl":"https:\/\/freddymorezon.org\/wp-content\/uploads\/2016\/02\/mini-logo-header-site2.jpg","width":234,"height":174,"caption":"Association Freddy Morezon"},"image":{"@id":"https:\/\/freddymorezon.org\/#\/schema\/logo\/image\/"},"sameAs":["https:\/\/www.facebook.com\/freddy.morezon\/","https:\/\/www.instagram.com\/freddymorezon\/","https:\/\/www.youtube.com\/user\/freddymorezon","https:\/\/fr.linkedin.com\/company\/freddy-morezon-p.r.o.d."]},{"@type":"Person","@id":"https:\/\/freddymorezon.org\/#\/schema\/person\/1a8436c8147db52efff6caac3517ecaa","name":"Freddy","image":{"@type":"ImageObject","inLanguage":"en-US","@id":"https:\/\/secure.gravatar.com\/avatar\/3edb0008226bf28bd0535a383351d393876682ef5bf450e1b89d76c72054e7e7?s=96&d=mm&r=g","url":"https:\/\/secure.gravatar.com\/avatar\/3edb0008226bf28bd0535a383351d393876682ef5bf450e1b89d76c72054e7e7?s=96&d=mm&r=g","contentUrl":"https:\/\/secure.gravatar.com\/avatar\/3edb0008226bf28bd0535a383351d393876682ef5bf450e1b89d76c72054e7e7?s=96&d=mm&r=g","caption":"Freddy"}}]}},"_links":{"self":[{"href":"https:\/\/freddymorezon.org\/en\/wp-json\/wp\/v2\/posts\/4398","targetHints":{"allow":["GET"]}}],"collection":[{"href":"https:\/\/freddymorezon.org\/en\/wp-json\/wp\/v2\/posts"}],"about":[{"href":"https:\/\/freddymorezon.org\/en\/wp-json\/wp\/v2\/types\/post"}],"author":[{"embeddable":true,"href":"https:\/\/freddymorezon.org\/en\/wp-json\/wp\/v2\/users\/1"}],"replies":[{"embeddable":true,"href":"https:\/\/freddymorezon.org\/en\/wp-json\/wp\/v2\/comments?post=4398"}],"version-history":[{"count":22,"href":"https:\/\/freddymorezon.org\/en\/wp-json\/wp\/v2\/posts\/4398\/revisions"}],"predecessor-version":[{"id":6630,"href":"https:\/\/freddymorezon.org\/en\/wp-json\/wp\/v2\/posts\/4398\/revisions\/6630"}],"wp:featuredmedia":[{"embeddable":true,"href":"https:\/\/freddymorezon.org\/en\/wp-json\/wp\/v2\/media\/5809"}],"wp:attachment":[{"href":"https:\/\/freddymorezon.org\/en\/wp-json\/wp\/v2\/media?parent=4398"}],"wp:term":[{"taxonomy":"category","embeddable":true,"href":"https:\/\/freddymorezon.org\/en\/wp-json\/wp\/v2\/categories?post=4398"},{"taxonomy":"post_tag","embeddable":true,"href":"https:\/\/freddymorezon.org\/en\/wp-json\/wp\/v2\/tags?post=4398"}],"curies":[{"name":"wp","href":"https:\/\/api.w.org\/{rel}","templated":true}]}}