
{"id":5862,"date":"2018-07-31T16:30:18","date_gmt":"2018-07-31T15:30:18","guid":{"rendered":"https:\/\/freddymorezon.org\/?p=5862"},"modified":"2018-07-31T18:11:21","modified_gmt":"2018-07-31T17:11:21","slug":"revue-de-presse-iana-a-limproviste-france-musique-24-mai-2018","status":"publish","type":"post","link":"https:\/\/freddymorezon.org\/en\/2018\/07\/31\/revue-de-presse-iana-a-limproviste-france-musique-24-mai-2018\/","title":{"rendered":"Revue de presse &#8211; Iana &#8211; A l&#8217;Improviste &#8211; France Musique &#8211; 24 mai 2018"},"content":{"rendered":"<blockquote>\n<h4>France Musique<\/h4>\n<p><b>Petite divagation sur la musique du duo Iana, par Anne Montaron<\/b><br \/>\nSi le piano \u00e9tait un oiseau, et son couvercle cette aile noire si joliment \u00e9voqu\u00e9e par le romancier Alberto Savinio, le duo Iana pourrait \u00eatre la rencontre de deux oiseaux envoy\u00e9s par le Dieu Janus, ou par Jana, la d\u00e9esse des passages.   Deux oiseaux, \u00e0 qui les dieux auraient confi\u00e9 leur secret, celui de rendre imperceptibles les passages et de maintenir ouvertes les portes qui voudraient s\u00e9parer deux mondes, d\u2019un c\u00f4t\u00e9 la musique qui s\u2018improvise dans le moment, et de l\u2019autre une musique savamment \u00e9labor\u00e9e.   Iana pourrait \u00eatre ce Bosphore sonore, cet endroit, o\u00f9 deux sensibilit\u00e9s viennent se trouver, s\u2019unir, fusionner,  comme fusionnent dans les eaux du Bosphore la Mer Noire et la Mer de Marmara. Deux pianos qui n\u2019en font plus qu\u2019un !   Et imperceptiblement, apr\u00e8s Janus et le Bosphore, une autre image surgit ; celle de deux femmes dans un village Inuit, faisant r\u00e9sonner, par simple jeu, leurs voix dans la bouche l\u2019une de l\u2019autre, jusqu\u2019\u00e0 ce que ces deux voix ne soient plus qu\u2019une seule.   C\u2019est \u00e0 cette magie-l\u00e0 que Christine Wodrascka et Betty Hovette nous convient derri\u00e8re leurs pianos dispos\u00e9s t\u00eate-b\u00eache.  Entre les deux ailes noires, juste un interstice, un fin d\u00e9troit, sorte de Bosphore, lieu de libre circulation, o\u00f9 la musique s\u2019enrichirait des passages, et n\u2019aurait ni commencement, ni fin !<\/p><\/blockquote>\n<p style=\"text-align: right;\">Anne Montaron, \u00e9mission A l&#8217;Improviste, FRANCE MUSIQUE, mai 2018<\/p>\n<p style=\"text-align: right;\"><a href=\"https:\/\/www.francemusique.fr\/emissions\/a-l-improviste\/le-duo-iana-des-pianistes-christine-wodrascka-et-betty-hovette-enregistre-en-public-a-radio-france-61591\" target=\"_blank\" rel=\"noopener\"><i class=\"fa fa-chevron-right fa-2x\"><\/i> podcast IANA dans A l&#8217;Improviste sur France Musique<\/a><\/p>\n","protected":false},"excerpt":{"rendered":"<p>France Musique Petite divagation sur la musique du duo Iana, par Anne Montaron Si le piano \u00e9tait un oiseau, et son couvercle cette aile noire si joliment \u00e9voqu\u00e9e par le romancier Alberto Savinio, le duo Iana pourrait \u00eatre la rencontre de deux oiseaux envoy\u00e9s par le Dieu Janus, ou par Jana, la d\u00e9esse des passages.&hellip;<\/p>\n<p><a class=\"more-link\" href=\"https:\/\/freddymorezon.org\/en\/2018\/07\/31\/revue-de-presse-iana-a-limproviste-france-musique-24-mai-2018\/\" title=\"Continue reading &lsquo;Revue de presse &#8211; Iana &#8211; A l&#8217;Improviste &#8211; France Musique &#8211; 24 mai 2018&rsquo;\">Continue reading <span class=\"meta-nav\">&rarr;<\/span><\/a><\/p>\n","protected":false},"author":1,"featured_media":0,"comment_status":"closed","ping_status":"open","sticky":false,"template":"","format":"quote","meta":{"om_disable_all_campaigns":false,"_monsterinsights_skip_tracking":false,"_monsterinsights_sitenote_active":false,"_monsterinsights_sitenote_note":"","_monsterinsights_sitenote_category":0,"_uf_show_specific_survey":0,"_uf_disable_surveys":false,"footnotes":""},"categories":[113,90],"tags":[],"class_list":["post-5862","post","type-post","status-publish","format-quote","hentry","category-duo-wodrascka-hovette","category-revue-de-presse","post_format-post-format-quote"],"aioseo_notices":[],"yoast_head":"<!-- This site is optimized with the Yoast SEO plugin v27.5 - https:\/\/yoast.com\/product\/yoast-seo-wordpress\/ -->\n<title>Revue de presse - Iana - A l&#039;Improviste - France Musique - 24 mai 2018 | Freddy Morezon<\/title>\n<meta name=\"robots\" content=\"index, follow, max-snippet:-1, max-image-preview:large, max-video-preview:-1\" \/>\n<link rel=\"canonical\" href=\"https:\/\/freddymorezon.org\/2018\/07\/31\/revue-de-presse-iana-a-limproviste-france-musique-24-mai-2018\/\" \/>\n<meta property=\"og:locale\" content=\"en_US\" \/>\n<meta property=\"og:type\" content=\"article\" \/>\n<meta property=\"og:title\" content=\"Revue de presse - Iana - A l&#039;Improviste - France Musique - 24 mai 2018 | Freddy Morezon\" \/>\n<meta property=\"og:description\" content=\"France Musique Petite divagation sur la musique du duo Iana, par Anne Montaron Si le piano \u00e9tait un oiseau, et son couvercle cette aile noire si joliment \u00e9voqu\u00e9e par le romancier Alberto Savinio, le duo Iana pourrait \u00eatre la rencontre de deux oiseaux envoy\u00e9s par le Dieu Janus, ou par Jana, la d\u00e9esse des passages.&hellip;Continue reading &rarr;\" \/>\n<meta property=\"og:url\" content=\"https:\/\/freddymorezon.org\/2018\/07\/31\/revue-de-presse-iana-a-limproviste-france-musique-24-mai-2018\/\" \/>\n<meta property=\"og:site_name\" content=\"Freddy Morezon\" \/>\n<meta property=\"article:publisher\" content=\"https:\/\/www.facebook.com\/freddy.morezon\/\" \/>\n<meta property=\"article:published_time\" content=\"2018-07-31T15:30:18+00:00\" \/>\n<meta property=\"article:modified_time\" content=\"2018-07-31T17:11:21+00:00\" \/>\n<meta property=\"og:image\" content=\"https:\/\/freddymorezon.org\/wp-content\/uploads\/2016\/02\/mini-logo-header-site2.jpg\" \/>\n\t<meta property=\"og:image:width\" content=\"234\" \/>\n\t<meta property=\"og:image:height\" content=\"174\" \/>\n\t<meta property=\"og:image:type\" content=\"image\/jpeg\" \/>\n<meta name=\"author\" content=\"Freddy\" \/>\n<meta name=\"twitter:card\" content=\"summary_large_image\" \/>\n<script type=\"application\/ld+json\" class=\"yoast-schema-graph\">{\"@context\":\"https:\\\/\\\/schema.org\",\"@graph\":[{\"@type\":\"Article\",\"@id\":\"https:\\\/\\\/freddymorezon.org\\\/2018\\\/07\\\/31\\\/revue-de-presse-iana-a-limproviste-france-musique-24-mai-2018\\\/#article\",\"isPartOf\":{\"@id\":\"https:\\\/\\\/freddymorezon.org\\\/2018\\\/07\\\/31\\\/revue-de-presse-iana-a-limproviste-france-musique-24-mai-2018\\\/\"},\"author\":{\"name\":\"Freddy\",\"@id\":\"https:\\\/\\\/freddymorezon.org\\\/#\\\/schema\\\/person\\\/1a8436c8147db52efff6caac3517ecaa\"},\"headline\":\"Revue de presse &#8211; Iana &#8211; A l&#8217;Improviste &#8211; France Musique &#8211; 24 mai 2018\",\"datePublished\":\"2018-07-31T15:30:18+00:00\",\"dateModified\":\"2018-07-31T17:11:21+00:00\",\"mainEntityOfPage\":{\"@id\":\"https:\\\/\\\/freddymorezon.org\\\/2018\\\/07\\\/31\\\/revue-de-presse-iana-a-limproviste-france-musique-24-mai-2018\\\/\"},\"wordCount\":279,\"publisher\":{\"@id\":\"https:\\\/\\\/freddymorezon.org\\\/#organization\"},\"articleSection\":[\"Duo Wodrascka-Hovette\",\"Revue de presse\"],\"inLanguage\":\"en-US\"},{\"@type\":\"WebPage\",\"@id\":\"https:\\\/\\\/freddymorezon.org\\\/2018\\\/07\\\/31\\\/revue-de-presse-iana-a-limproviste-france-musique-24-mai-2018\\\/\",\"url\":\"https:\\\/\\\/freddymorezon.org\\\/2018\\\/07\\\/31\\\/revue-de-presse-iana-a-limproviste-france-musique-24-mai-2018\\\/\",\"name\":\"Revue de presse - Iana - A l'Improviste - France Musique - 24 mai 2018 | Freddy Morezon\",\"isPartOf\":{\"@id\":\"https:\\\/\\\/freddymorezon.org\\\/#website\"},\"datePublished\":\"2018-07-31T15:30:18+00:00\",\"dateModified\":\"2018-07-31T17:11:21+00:00\",\"breadcrumb\":{\"@id\":\"https:\\\/\\\/freddymorezon.org\\\/2018\\\/07\\\/31\\\/revue-de-presse-iana-a-limproviste-france-musique-24-mai-2018\\\/#breadcrumb\"},\"inLanguage\":\"en-US\",\"potentialAction\":[{\"@type\":\"ReadAction\",\"target\":[\"https:\\\/\\\/freddymorezon.org\\\/2018\\\/07\\\/31\\\/revue-de-presse-iana-a-limproviste-france-musique-24-mai-2018\\\/\"]}]},{\"@type\":\"BreadcrumbList\",\"@id\":\"https:\\\/\\\/freddymorezon.org\\\/2018\\\/07\\\/31\\\/revue-de-presse-iana-a-limproviste-france-musique-24-mai-2018\\\/#breadcrumb\",\"itemListElement\":[{\"@type\":\"ListItem\",\"position\":1,\"name\":\"Accueil\",\"item\":\"https:\\\/\\\/freddymorezon.org\\\/\"},{\"@type\":\"ListItem\",\"position\":2,\"name\":\"Revue de presse &#8211; Iana &#8211; A l&rsquo;Improviste &#8211; France Musique &#8211; 24 mai 2018\"}]},{\"@type\":\"WebSite\",\"@id\":\"https:\\\/\\\/freddymorezon.org\\\/#website\",\"url\":\"https:\\\/\\\/freddymorezon.org\\\/\",\"name\":\"Freddy Morezon\",\"description\":\"jazz - musique improvis\u00e9e - esth\u00e9tiques plurielles\",\"publisher\":{\"@id\":\"https:\\\/\\\/freddymorezon.org\\\/#organization\"},\"potentialAction\":[{\"@type\":\"SearchAction\",\"target\":{\"@type\":\"EntryPoint\",\"urlTemplate\":\"https:\\\/\\\/freddymorezon.org\\\/?s={search_term_string}\"},\"query-input\":{\"@type\":\"PropertyValueSpecification\",\"valueRequired\":true,\"valueName\":\"search_term_string\"}}],\"inLanguage\":\"en-US\"},{\"@type\":\"Organization\",\"@id\":\"https:\\\/\\\/freddymorezon.org\\\/#organization\",\"name\":\"Association Freddy Morezon\",\"url\":\"https:\\\/\\\/freddymorezon.org\\\/\",\"logo\":{\"@type\":\"ImageObject\",\"inLanguage\":\"en-US\",\"@id\":\"https:\\\/\\\/freddymorezon.org\\\/#\\\/schema\\\/logo\\\/image\\\/\",\"url\":\"https:\\\/\\\/freddymorezon.org\\\/wp-content\\\/uploads\\\/2016\\\/02\\\/mini-logo-header-site2.jpg\",\"contentUrl\":\"https:\\\/\\\/freddymorezon.org\\\/wp-content\\\/uploads\\\/2016\\\/02\\\/mini-logo-header-site2.jpg\",\"width\":234,\"height\":174,\"caption\":\"Association Freddy Morezon\"},\"image\":{\"@id\":\"https:\\\/\\\/freddymorezon.org\\\/#\\\/schema\\\/logo\\\/image\\\/\"},\"sameAs\":[\"https:\\\/\\\/www.facebook.com\\\/freddy.morezon\\\/\",\"https:\\\/\\\/www.instagram.com\\\/freddymorezon\\\/\",\"https:\\\/\\\/www.youtube.com\\\/user\\\/freddymorezon\",\"https:\\\/\\\/fr.linkedin.com\\\/company\\\/freddy-morezon-p.r.o.d.\"]},{\"@type\":\"Person\",\"@id\":\"https:\\\/\\\/freddymorezon.org\\\/#\\\/schema\\\/person\\\/1a8436c8147db52efff6caac3517ecaa\",\"name\":\"Freddy\",\"image\":{\"@type\":\"ImageObject\",\"inLanguage\":\"en-US\",\"@id\":\"https:\\\/\\\/secure.gravatar.com\\\/avatar\\\/3edb0008226bf28bd0535a383351d393876682ef5bf450e1b89d76c72054e7e7?s=96&d=mm&r=g\",\"url\":\"https:\\\/\\\/secure.gravatar.com\\\/avatar\\\/3edb0008226bf28bd0535a383351d393876682ef5bf450e1b89d76c72054e7e7?s=96&d=mm&r=g\",\"contentUrl\":\"https:\\\/\\\/secure.gravatar.com\\\/avatar\\\/3edb0008226bf28bd0535a383351d393876682ef5bf450e1b89d76c72054e7e7?s=96&d=mm&r=g\",\"caption\":\"Freddy\"}}]}<\/script>\n<!-- \/ Yoast SEO plugin. -->","yoast_head_json":{"title":"Revue de presse - Iana - A l'Improviste - France Musique - 24 mai 2018 | Freddy Morezon","robots":{"index":"index","follow":"follow","max-snippet":"max-snippet:-1","max-image-preview":"max-image-preview:large","max-video-preview":"max-video-preview:-1"},"canonical":"https:\/\/freddymorezon.org\/2018\/07\/31\/revue-de-presse-iana-a-limproviste-france-musique-24-mai-2018\/","og_locale":"en_US","og_type":"article","og_title":"Revue de presse - Iana - A l'Improviste - France Musique - 24 mai 2018 | Freddy Morezon","og_description":"France Musique Petite divagation sur la musique du duo Iana, par Anne Montaron Si le piano \u00e9tait un oiseau, et son couvercle cette aile noire si joliment \u00e9voqu\u00e9e par le romancier Alberto Savinio, le duo Iana pourrait \u00eatre la rencontre de deux oiseaux envoy\u00e9s par le Dieu Janus, ou par Jana, la d\u00e9esse des passages.&hellip;Continue reading &rarr;","og_url":"https:\/\/freddymorezon.org\/2018\/07\/31\/revue-de-presse-iana-a-limproviste-france-musique-24-mai-2018\/","og_site_name":"Freddy Morezon","article_publisher":"https:\/\/www.facebook.com\/freddy.morezon\/","article_published_time":"2018-07-31T15:30:18+00:00","article_modified_time":"2018-07-31T17:11:21+00:00","og_image":[{"width":234,"height":174,"url":"https:\/\/freddymorezon.org\/wp-content\/uploads\/2016\/02\/mini-logo-header-site2.jpg","type":"image\/jpeg"}],"author":"Freddy","twitter_card":"summary_large_image","schema":{"@context":"https:\/\/schema.org","@graph":[{"@type":"Article","@id":"https:\/\/freddymorezon.org\/2018\/07\/31\/revue-de-presse-iana-a-limproviste-france-musique-24-mai-2018\/#article","isPartOf":{"@id":"https:\/\/freddymorezon.org\/2018\/07\/31\/revue-de-presse-iana-a-limproviste-france-musique-24-mai-2018\/"},"author":{"name":"Freddy","@id":"https:\/\/freddymorezon.org\/#\/schema\/person\/1a8436c8147db52efff6caac3517ecaa"},"headline":"Revue de presse &#8211; Iana &#8211; A l&#8217;Improviste &#8211; France Musique &#8211; 24 mai 2018","datePublished":"2018-07-31T15:30:18+00:00","dateModified":"2018-07-31T17:11:21+00:00","mainEntityOfPage":{"@id":"https:\/\/freddymorezon.org\/2018\/07\/31\/revue-de-presse-iana-a-limproviste-france-musique-24-mai-2018\/"},"wordCount":279,"publisher":{"@id":"https:\/\/freddymorezon.org\/#organization"},"articleSection":["Duo Wodrascka-Hovette","Revue de presse"],"inLanguage":"en-US"},{"@type":"WebPage","@id":"https:\/\/freddymorezon.org\/2018\/07\/31\/revue-de-presse-iana-a-limproviste-france-musique-24-mai-2018\/","url":"https:\/\/freddymorezon.org\/2018\/07\/31\/revue-de-presse-iana-a-limproviste-france-musique-24-mai-2018\/","name":"Revue de presse - Iana - A l'Improviste - France Musique - 24 mai 2018 | Freddy Morezon","isPartOf":{"@id":"https:\/\/freddymorezon.org\/#website"},"datePublished":"2018-07-31T15:30:18+00:00","dateModified":"2018-07-31T17:11:21+00:00","breadcrumb":{"@id":"https:\/\/freddymorezon.org\/2018\/07\/31\/revue-de-presse-iana-a-limproviste-france-musique-24-mai-2018\/#breadcrumb"},"inLanguage":"en-US","potentialAction":[{"@type":"ReadAction","target":["https:\/\/freddymorezon.org\/2018\/07\/31\/revue-de-presse-iana-a-limproviste-france-musique-24-mai-2018\/"]}]},{"@type":"BreadcrumbList","@id":"https:\/\/freddymorezon.org\/2018\/07\/31\/revue-de-presse-iana-a-limproviste-france-musique-24-mai-2018\/#breadcrumb","itemListElement":[{"@type":"ListItem","position":1,"name":"Accueil","item":"https:\/\/freddymorezon.org\/"},{"@type":"ListItem","position":2,"name":"Revue de presse &#8211; Iana &#8211; A l&rsquo;Improviste &#8211; France Musique &#8211; 24 mai 2018"}]},{"@type":"WebSite","@id":"https:\/\/freddymorezon.org\/#website","url":"https:\/\/freddymorezon.org\/","name":"Freddy Morezon","description":"jazz - musique improvis\u00e9e - esth\u00e9tiques plurielles","publisher":{"@id":"https:\/\/freddymorezon.org\/#organization"},"potentialAction":[{"@type":"SearchAction","target":{"@type":"EntryPoint","urlTemplate":"https:\/\/freddymorezon.org\/?s={search_term_string}"},"query-input":{"@type":"PropertyValueSpecification","valueRequired":true,"valueName":"search_term_string"}}],"inLanguage":"en-US"},{"@type":"Organization","@id":"https:\/\/freddymorezon.org\/#organization","name":"Association Freddy Morezon","url":"https:\/\/freddymorezon.org\/","logo":{"@type":"ImageObject","inLanguage":"en-US","@id":"https:\/\/freddymorezon.org\/#\/schema\/logo\/image\/","url":"https:\/\/freddymorezon.org\/wp-content\/uploads\/2016\/02\/mini-logo-header-site2.jpg","contentUrl":"https:\/\/freddymorezon.org\/wp-content\/uploads\/2016\/02\/mini-logo-header-site2.jpg","width":234,"height":174,"caption":"Association Freddy Morezon"},"image":{"@id":"https:\/\/freddymorezon.org\/#\/schema\/logo\/image\/"},"sameAs":["https:\/\/www.facebook.com\/freddy.morezon\/","https:\/\/www.instagram.com\/freddymorezon\/","https:\/\/www.youtube.com\/user\/freddymorezon","https:\/\/fr.linkedin.com\/company\/freddy-morezon-p.r.o.d."]},{"@type":"Person","@id":"https:\/\/freddymorezon.org\/#\/schema\/person\/1a8436c8147db52efff6caac3517ecaa","name":"Freddy","image":{"@type":"ImageObject","inLanguage":"en-US","@id":"https:\/\/secure.gravatar.com\/avatar\/3edb0008226bf28bd0535a383351d393876682ef5bf450e1b89d76c72054e7e7?s=96&d=mm&r=g","url":"https:\/\/secure.gravatar.com\/avatar\/3edb0008226bf28bd0535a383351d393876682ef5bf450e1b89d76c72054e7e7?s=96&d=mm&r=g","contentUrl":"https:\/\/secure.gravatar.com\/avatar\/3edb0008226bf28bd0535a383351d393876682ef5bf450e1b89d76c72054e7e7?s=96&d=mm&r=g","caption":"Freddy"}}]}},"_links":{"self":[{"href":"https:\/\/freddymorezon.org\/en\/wp-json\/wp\/v2\/posts\/5862","targetHints":{"allow":["GET"]}}],"collection":[{"href":"https:\/\/freddymorezon.org\/en\/wp-json\/wp\/v2\/posts"}],"about":[{"href":"https:\/\/freddymorezon.org\/en\/wp-json\/wp\/v2\/types\/post"}],"author":[{"embeddable":true,"href":"https:\/\/freddymorezon.org\/en\/wp-json\/wp\/v2\/users\/1"}],"replies":[{"embeddable":true,"href":"https:\/\/freddymorezon.org\/en\/wp-json\/wp\/v2\/comments?post=5862"}],"version-history":[{"count":2,"href":"https:\/\/freddymorezon.org\/en\/wp-json\/wp\/v2\/posts\/5862\/revisions"}],"predecessor-version":[{"id":5894,"href":"https:\/\/freddymorezon.org\/en\/wp-json\/wp\/v2\/posts\/5862\/revisions\/5894"}],"wp:attachment":[{"href":"https:\/\/freddymorezon.org\/en\/wp-json\/wp\/v2\/media?parent=5862"}],"wp:term":[{"taxonomy":"category","embeddable":true,"href":"https:\/\/freddymorezon.org\/en\/wp-json\/wp\/v2\/categories?post=5862"},{"taxonomy":"post_tag","embeddable":true,"href":"https:\/\/freddymorezon.org\/en\/wp-json\/wp\/v2\/tags?post=5862"}],"curies":[{"name":"wp","href":"https:\/\/api.w.org\/{rel}","templated":true}]}}