
{"id":6011,"date":"2018-10-01T12:36:23","date_gmt":"2018-10-01T11:36:23","guid":{"rendered":"https:\/\/freddymorezon.org\/?p=6011"},"modified":"2018-10-01T12:36:34","modified_gmt":"2018-10-01T11:36:34","slug":"revue-de-presse-iana-jazz-a-luz-anne-yven-citizen-jazz","status":"publish","type":"post","link":"https:\/\/freddymorezon.org\/en\/2018\/10\/01\/revue-de-presse-iana-jazz-a-luz-anne-yven-citizen-jazz\/","title":{"rendered":"Revue de Presse &#8211; Iana &#8211; Jazz \u00e0 Luz &#8211; Anne Yven Citizen Jazz"},"content":{"rendered":"<blockquote>\n<h4>Citizen Jazz<\/h4>\n<p>Aux deux extr\u00e9mit\u00e9s du m\u00e9tier, les compositrices deviennent tisseuses. Elles ont dans les mains la m\u00eame mati\u00e8re qu\u2019elles consolident pour conqu\u00e9rir l\u2019espace avec des techniques simples. Beaucoup d\u2019improvisation, \u00e0 partir de th\u00e8mes et de simples mots-cl\u00e9s (\u00ab Nature \u00bb, \u00ab Train \u00bb, \u00ab Oiseau \u00bb), point de d\u00e9part de rafales sonores qui passent des doigts de l\u2019une \u00e0 ceux de l\u2019autre, en s\u2019amplifiant dans l\u2019espace. Une le\u00e7on de force. <\/p><\/blockquote>\n<p style=\"text-align: right;\">Anne Yven, CITIZEN JAZZ, 30 septembre 2018<\/p>\n<p style=\"text-align: right;\"><a href=\"https:\/\/www.citizenjazz.com\/Jazz-a-Luz-2018-Lecons-de-bas-en-haut.html\" target=\"_blank\" rel=\"noopener\"><i class=\"fa fa-chevron-right fa-2x\"><\/i> Citizen Jazz &#8211; Jazz \u00e0 Luz : le\u00e7ons de bas en haut <\/a><\/p>\n","protected":false},"excerpt":{"rendered":"<p>Citizen Jazz Aux deux extr\u00e9mit\u00e9s du m\u00e9tier, les compositrices deviennent tisseuses. Elles ont dans les mains la m\u00eame mati\u00e8re qu\u2019elles consolident pour conqu\u00e9rir l\u2019espace avec des techniques simples. Beaucoup d\u2019improvisation, \u00e0 partir de th\u00e8mes et de simples mots-cl\u00e9s (\u00ab Nature \u00bb, \u00ab Train \u00bb, \u00ab Oiseau \u00bb), point de d\u00e9part de rafales sonores qui passent&hellip;<\/p>\n<p><a class=\"more-link\" href=\"https:\/\/freddymorezon.org\/en\/2018\/10\/01\/revue-de-presse-iana-jazz-a-luz-anne-yven-citizen-jazz\/\" title=\"Continue reading &lsquo;Revue de Presse &#8211; Iana &#8211; Jazz \u00e0 Luz &#8211; Anne Yven Citizen Jazz&rsquo;\">Continue reading <span class=\"meta-nav\">&rarr;<\/span><\/a><\/p>\n","protected":false},"author":1,"featured_media":0,"comment_status":"closed","ping_status":"open","sticky":false,"template":"","format":"quote","meta":{"om_disable_all_campaigns":false,"_monsterinsights_skip_tracking":false,"_monsterinsights_sitenote_active":false,"_monsterinsights_sitenote_note":"","_monsterinsights_sitenote_category":0,"_uf_show_specific_survey":0,"_uf_disable_surveys":false,"footnotes":""},"categories":[113,90],"tags":[],"class_list":["post-6011","post","type-post","status-publish","format-quote","hentry","category-duo-wodrascka-hovette","category-revue-de-presse","post_format-post-format-quote"],"aioseo_notices":[],"yoast_head":"<!-- This site is optimized with the Yoast SEO plugin v27.5 - https:\/\/yoast.com\/product\/yoast-seo-wordpress\/ -->\n<title>Revue de Presse - Iana - Jazz \u00e0 Luz - Anne Yven Citizen Jazz | Freddy Morezon<\/title>\n<meta name=\"robots\" content=\"index, follow, max-snippet:-1, max-image-preview:large, max-video-preview:-1\" \/>\n<link rel=\"canonical\" href=\"https:\/\/freddymorezon.org\/2018\/10\/01\/revue-de-presse-iana-jazz-a-luz-anne-yven-citizen-jazz\/\" \/>\n<meta property=\"og:locale\" content=\"en_US\" \/>\n<meta property=\"og:type\" content=\"article\" \/>\n<meta property=\"og:title\" content=\"Revue de Presse - Iana - Jazz \u00e0 Luz - Anne Yven Citizen Jazz | Freddy Morezon\" \/>\n<meta property=\"og:description\" content=\"Citizen Jazz Aux deux extr\u00e9mit\u00e9s du m\u00e9tier, les compositrices deviennent tisseuses. Elles ont dans les mains la m\u00eame mati\u00e8re qu\u2019elles consolident pour conqu\u00e9rir l\u2019espace avec des techniques simples. Beaucoup d\u2019improvisation, \u00e0 partir de th\u00e8mes et de simples mots-cl\u00e9s (\u00ab Nature \u00bb, \u00ab Train \u00bb, \u00ab Oiseau \u00bb), point de d\u00e9part de rafales sonores qui passent&hellip;Continue reading &rarr;\" \/>\n<meta property=\"og:url\" content=\"https:\/\/freddymorezon.org\/2018\/10\/01\/revue-de-presse-iana-jazz-a-luz-anne-yven-citizen-jazz\/\" \/>\n<meta property=\"og:site_name\" content=\"Freddy Morezon\" \/>\n<meta property=\"article:publisher\" content=\"https:\/\/www.facebook.com\/freddy.morezon\/\" \/>\n<meta property=\"article:published_time\" content=\"2018-10-01T11:36:23+00:00\" \/>\n<meta property=\"article:modified_time\" content=\"2018-10-01T11:36:34+00:00\" \/>\n<meta property=\"og:image\" content=\"https:\/\/freddymorezon.org\/wp-content\/uploads\/2016\/02\/mini-logo-header-site2.jpg\" \/>\n\t<meta property=\"og:image:width\" content=\"234\" \/>\n\t<meta property=\"og:image:height\" content=\"174\" \/>\n\t<meta property=\"og:image:type\" content=\"image\/jpeg\" \/>\n<meta name=\"author\" content=\"Freddy\" \/>\n<meta name=\"twitter:card\" content=\"summary_large_image\" \/>\n<script type=\"application\/ld+json\" class=\"yoast-schema-graph\">{\"@context\":\"https:\\\/\\\/schema.org\",\"@graph\":[{\"@type\":\"Article\",\"@id\":\"https:\\\/\\\/freddymorezon.org\\\/2018\\\/10\\\/01\\\/revue-de-presse-iana-jazz-a-luz-anne-yven-citizen-jazz\\\/#article\",\"isPartOf\":{\"@id\":\"https:\\\/\\\/freddymorezon.org\\\/2018\\\/10\\\/01\\\/revue-de-presse-iana-jazz-a-luz-anne-yven-citizen-jazz\\\/\"},\"author\":{\"name\":\"Freddy\",\"@id\":\"https:\\\/\\\/freddymorezon.org\\\/#\\\/schema\\\/person\\\/1a8436c8147db52efff6caac3517ecaa\"},\"headline\":\"Revue de Presse &#8211; Iana &#8211; Jazz \u00e0 Luz &#8211; Anne Yven Citizen Jazz\",\"datePublished\":\"2018-10-01T11:36:23+00:00\",\"dateModified\":\"2018-10-01T11:36:34+00:00\",\"mainEntityOfPage\":{\"@id\":\"https:\\\/\\\/freddymorezon.org\\\/2018\\\/10\\\/01\\\/revue-de-presse-iana-jazz-a-luz-anne-yven-citizen-jazz\\\/\"},\"wordCount\":109,\"publisher\":{\"@id\":\"https:\\\/\\\/freddymorezon.org\\\/#organization\"},\"articleSection\":[\"Duo Wodrascka-Hovette\",\"Revue de presse\"],\"inLanguage\":\"en-US\"},{\"@type\":\"WebPage\",\"@id\":\"https:\\\/\\\/freddymorezon.org\\\/2018\\\/10\\\/01\\\/revue-de-presse-iana-jazz-a-luz-anne-yven-citizen-jazz\\\/\",\"url\":\"https:\\\/\\\/freddymorezon.org\\\/2018\\\/10\\\/01\\\/revue-de-presse-iana-jazz-a-luz-anne-yven-citizen-jazz\\\/\",\"name\":\"Revue de Presse - Iana - Jazz \u00e0 Luz - Anne Yven Citizen Jazz | Freddy Morezon\",\"isPartOf\":{\"@id\":\"https:\\\/\\\/freddymorezon.org\\\/#website\"},\"datePublished\":\"2018-10-01T11:36:23+00:00\",\"dateModified\":\"2018-10-01T11:36:34+00:00\",\"breadcrumb\":{\"@id\":\"https:\\\/\\\/freddymorezon.org\\\/2018\\\/10\\\/01\\\/revue-de-presse-iana-jazz-a-luz-anne-yven-citizen-jazz\\\/#breadcrumb\"},\"inLanguage\":\"en-US\",\"potentialAction\":[{\"@type\":\"ReadAction\",\"target\":[\"https:\\\/\\\/freddymorezon.org\\\/2018\\\/10\\\/01\\\/revue-de-presse-iana-jazz-a-luz-anne-yven-citizen-jazz\\\/\"]}]},{\"@type\":\"BreadcrumbList\",\"@id\":\"https:\\\/\\\/freddymorezon.org\\\/2018\\\/10\\\/01\\\/revue-de-presse-iana-jazz-a-luz-anne-yven-citizen-jazz\\\/#breadcrumb\",\"itemListElement\":[{\"@type\":\"ListItem\",\"position\":1,\"name\":\"Accueil\",\"item\":\"https:\\\/\\\/freddymorezon.org\\\/\"},{\"@type\":\"ListItem\",\"position\":2,\"name\":\"Revue de Presse &#8211; Iana &#8211; Jazz \u00e0 Luz &#8211; Anne Yven Citizen Jazz\"}]},{\"@type\":\"WebSite\",\"@id\":\"https:\\\/\\\/freddymorezon.org\\\/#website\",\"url\":\"https:\\\/\\\/freddymorezon.org\\\/\",\"name\":\"Freddy Morezon\",\"description\":\"jazz - musique improvis\u00e9e - esth\u00e9tiques plurielles\",\"publisher\":{\"@id\":\"https:\\\/\\\/freddymorezon.org\\\/#organization\"},\"potentialAction\":[{\"@type\":\"SearchAction\",\"target\":{\"@type\":\"EntryPoint\",\"urlTemplate\":\"https:\\\/\\\/freddymorezon.org\\\/?s={search_term_string}\"},\"query-input\":{\"@type\":\"PropertyValueSpecification\",\"valueRequired\":true,\"valueName\":\"search_term_string\"}}],\"inLanguage\":\"en-US\"},{\"@type\":\"Organization\",\"@id\":\"https:\\\/\\\/freddymorezon.org\\\/#organization\",\"name\":\"Association Freddy Morezon\",\"url\":\"https:\\\/\\\/freddymorezon.org\\\/\",\"logo\":{\"@type\":\"ImageObject\",\"inLanguage\":\"en-US\",\"@id\":\"https:\\\/\\\/freddymorezon.org\\\/#\\\/schema\\\/logo\\\/image\\\/\",\"url\":\"https:\\\/\\\/freddymorezon.org\\\/wp-content\\\/uploads\\\/2016\\\/02\\\/mini-logo-header-site2.jpg\",\"contentUrl\":\"https:\\\/\\\/freddymorezon.org\\\/wp-content\\\/uploads\\\/2016\\\/02\\\/mini-logo-header-site2.jpg\",\"width\":234,\"height\":174,\"caption\":\"Association Freddy Morezon\"},\"image\":{\"@id\":\"https:\\\/\\\/freddymorezon.org\\\/#\\\/schema\\\/logo\\\/image\\\/\"},\"sameAs\":[\"https:\\\/\\\/www.facebook.com\\\/freddy.morezon\\\/\",\"https:\\\/\\\/www.instagram.com\\\/freddymorezon\\\/\",\"https:\\\/\\\/www.youtube.com\\\/user\\\/freddymorezon\",\"https:\\\/\\\/fr.linkedin.com\\\/company\\\/freddy-morezon-p.r.o.d.\"]},{\"@type\":\"Person\",\"@id\":\"https:\\\/\\\/freddymorezon.org\\\/#\\\/schema\\\/person\\\/1a8436c8147db52efff6caac3517ecaa\",\"name\":\"Freddy\",\"image\":{\"@type\":\"ImageObject\",\"inLanguage\":\"en-US\",\"@id\":\"https:\\\/\\\/secure.gravatar.com\\\/avatar\\\/3edb0008226bf28bd0535a383351d393876682ef5bf450e1b89d76c72054e7e7?s=96&d=mm&r=g\",\"url\":\"https:\\\/\\\/secure.gravatar.com\\\/avatar\\\/3edb0008226bf28bd0535a383351d393876682ef5bf450e1b89d76c72054e7e7?s=96&d=mm&r=g\",\"contentUrl\":\"https:\\\/\\\/secure.gravatar.com\\\/avatar\\\/3edb0008226bf28bd0535a383351d393876682ef5bf450e1b89d76c72054e7e7?s=96&d=mm&r=g\",\"caption\":\"Freddy\"}}]}<\/script>\n<!-- \/ Yoast SEO plugin. -->","yoast_head_json":{"title":"Revue de Presse - Iana - Jazz \u00e0 Luz - Anne Yven Citizen Jazz | Freddy Morezon","robots":{"index":"index","follow":"follow","max-snippet":"max-snippet:-1","max-image-preview":"max-image-preview:large","max-video-preview":"max-video-preview:-1"},"canonical":"https:\/\/freddymorezon.org\/2018\/10\/01\/revue-de-presse-iana-jazz-a-luz-anne-yven-citizen-jazz\/","og_locale":"en_US","og_type":"article","og_title":"Revue de Presse - Iana - Jazz \u00e0 Luz - Anne Yven Citizen Jazz | Freddy Morezon","og_description":"Citizen Jazz Aux deux extr\u00e9mit\u00e9s du m\u00e9tier, les compositrices deviennent tisseuses. Elles ont dans les mains la m\u00eame mati\u00e8re qu\u2019elles consolident pour conqu\u00e9rir l\u2019espace avec des techniques simples. Beaucoup d\u2019improvisation, \u00e0 partir de th\u00e8mes et de simples mots-cl\u00e9s (\u00ab Nature \u00bb, \u00ab Train \u00bb, \u00ab Oiseau \u00bb), point de d\u00e9part de rafales sonores qui passent&hellip;Continue reading &rarr;","og_url":"https:\/\/freddymorezon.org\/2018\/10\/01\/revue-de-presse-iana-jazz-a-luz-anne-yven-citizen-jazz\/","og_site_name":"Freddy Morezon","article_publisher":"https:\/\/www.facebook.com\/freddy.morezon\/","article_published_time":"2018-10-01T11:36:23+00:00","article_modified_time":"2018-10-01T11:36:34+00:00","og_image":[{"width":234,"height":174,"url":"https:\/\/freddymorezon.org\/wp-content\/uploads\/2016\/02\/mini-logo-header-site2.jpg","type":"image\/jpeg"}],"author":"Freddy","twitter_card":"summary_large_image","schema":{"@context":"https:\/\/schema.org","@graph":[{"@type":"Article","@id":"https:\/\/freddymorezon.org\/2018\/10\/01\/revue-de-presse-iana-jazz-a-luz-anne-yven-citizen-jazz\/#article","isPartOf":{"@id":"https:\/\/freddymorezon.org\/2018\/10\/01\/revue-de-presse-iana-jazz-a-luz-anne-yven-citizen-jazz\/"},"author":{"name":"Freddy","@id":"https:\/\/freddymorezon.org\/#\/schema\/person\/1a8436c8147db52efff6caac3517ecaa"},"headline":"Revue de Presse &#8211; Iana &#8211; Jazz \u00e0 Luz &#8211; Anne Yven Citizen Jazz","datePublished":"2018-10-01T11:36:23+00:00","dateModified":"2018-10-01T11:36:34+00:00","mainEntityOfPage":{"@id":"https:\/\/freddymorezon.org\/2018\/10\/01\/revue-de-presse-iana-jazz-a-luz-anne-yven-citizen-jazz\/"},"wordCount":109,"publisher":{"@id":"https:\/\/freddymorezon.org\/#organization"},"articleSection":["Duo Wodrascka-Hovette","Revue de presse"],"inLanguage":"en-US"},{"@type":"WebPage","@id":"https:\/\/freddymorezon.org\/2018\/10\/01\/revue-de-presse-iana-jazz-a-luz-anne-yven-citizen-jazz\/","url":"https:\/\/freddymorezon.org\/2018\/10\/01\/revue-de-presse-iana-jazz-a-luz-anne-yven-citizen-jazz\/","name":"Revue de Presse - Iana - Jazz \u00e0 Luz - Anne Yven Citizen Jazz | Freddy Morezon","isPartOf":{"@id":"https:\/\/freddymorezon.org\/#website"},"datePublished":"2018-10-01T11:36:23+00:00","dateModified":"2018-10-01T11:36:34+00:00","breadcrumb":{"@id":"https:\/\/freddymorezon.org\/2018\/10\/01\/revue-de-presse-iana-jazz-a-luz-anne-yven-citizen-jazz\/#breadcrumb"},"inLanguage":"en-US","potentialAction":[{"@type":"ReadAction","target":["https:\/\/freddymorezon.org\/2018\/10\/01\/revue-de-presse-iana-jazz-a-luz-anne-yven-citizen-jazz\/"]}]},{"@type":"BreadcrumbList","@id":"https:\/\/freddymorezon.org\/2018\/10\/01\/revue-de-presse-iana-jazz-a-luz-anne-yven-citizen-jazz\/#breadcrumb","itemListElement":[{"@type":"ListItem","position":1,"name":"Accueil","item":"https:\/\/freddymorezon.org\/"},{"@type":"ListItem","position":2,"name":"Revue de Presse &#8211; Iana &#8211; Jazz \u00e0 Luz &#8211; Anne Yven Citizen Jazz"}]},{"@type":"WebSite","@id":"https:\/\/freddymorezon.org\/#website","url":"https:\/\/freddymorezon.org\/","name":"Freddy Morezon","description":"jazz - musique improvis\u00e9e - esth\u00e9tiques plurielles","publisher":{"@id":"https:\/\/freddymorezon.org\/#organization"},"potentialAction":[{"@type":"SearchAction","target":{"@type":"EntryPoint","urlTemplate":"https:\/\/freddymorezon.org\/?s={search_term_string}"},"query-input":{"@type":"PropertyValueSpecification","valueRequired":true,"valueName":"search_term_string"}}],"inLanguage":"en-US"},{"@type":"Organization","@id":"https:\/\/freddymorezon.org\/#organization","name":"Association Freddy Morezon","url":"https:\/\/freddymorezon.org\/","logo":{"@type":"ImageObject","inLanguage":"en-US","@id":"https:\/\/freddymorezon.org\/#\/schema\/logo\/image\/","url":"https:\/\/freddymorezon.org\/wp-content\/uploads\/2016\/02\/mini-logo-header-site2.jpg","contentUrl":"https:\/\/freddymorezon.org\/wp-content\/uploads\/2016\/02\/mini-logo-header-site2.jpg","width":234,"height":174,"caption":"Association Freddy Morezon"},"image":{"@id":"https:\/\/freddymorezon.org\/#\/schema\/logo\/image\/"},"sameAs":["https:\/\/www.facebook.com\/freddy.morezon\/","https:\/\/www.instagram.com\/freddymorezon\/","https:\/\/www.youtube.com\/user\/freddymorezon","https:\/\/fr.linkedin.com\/company\/freddy-morezon-p.r.o.d."]},{"@type":"Person","@id":"https:\/\/freddymorezon.org\/#\/schema\/person\/1a8436c8147db52efff6caac3517ecaa","name":"Freddy","image":{"@type":"ImageObject","inLanguage":"en-US","@id":"https:\/\/secure.gravatar.com\/avatar\/3edb0008226bf28bd0535a383351d393876682ef5bf450e1b89d76c72054e7e7?s=96&d=mm&r=g","url":"https:\/\/secure.gravatar.com\/avatar\/3edb0008226bf28bd0535a383351d393876682ef5bf450e1b89d76c72054e7e7?s=96&d=mm&r=g","contentUrl":"https:\/\/secure.gravatar.com\/avatar\/3edb0008226bf28bd0535a383351d393876682ef5bf450e1b89d76c72054e7e7?s=96&d=mm&r=g","caption":"Freddy"}}]}},"_links":{"self":[{"href":"https:\/\/freddymorezon.org\/en\/wp-json\/wp\/v2\/posts\/6011","targetHints":{"allow":["GET"]}}],"collection":[{"href":"https:\/\/freddymorezon.org\/en\/wp-json\/wp\/v2\/posts"}],"about":[{"href":"https:\/\/freddymorezon.org\/en\/wp-json\/wp\/v2\/types\/post"}],"author":[{"embeddable":true,"href":"https:\/\/freddymorezon.org\/en\/wp-json\/wp\/v2\/users\/1"}],"replies":[{"embeddable":true,"href":"https:\/\/freddymorezon.org\/en\/wp-json\/wp\/v2\/comments?post=6011"}],"version-history":[{"count":2,"href":"https:\/\/freddymorezon.org\/en\/wp-json\/wp\/v2\/posts\/6011\/revisions"}],"predecessor-version":[{"id":6013,"href":"https:\/\/freddymorezon.org\/en\/wp-json\/wp\/v2\/posts\/6011\/revisions\/6013"}],"wp:attachment":[{"href":"https:\/\/freddymorezon.org\/en\/wp-json\/wp\/v2\/media?parent=6011"}],"wp:term":[{"taxonomy":"category","embeddable":true,"href":"https:\/\/freddymorezon.org\/en\/wp-json\/wp\/v2\/categories?post=6011"},{"taxonomy":"post_tag","embeddable":true,"href":"https:\/\/freddymorezon.org\/en\/wp-json\/wp\/v2\/tags?post=6011"}],"curies":[{"name":"wp","href":"https:\/\/api.w.org\/{rel}","templated":true}]}}