
{"id":6599,"date":"2019-01-15T11:58:59","date_gmt":"2019-01-15T10:58:59","guid":{"rendered":"https:\/\/freddymorezon.org\/?p=6599"},"modified":"2019-01-15T12:01:28","modified_gmt":"2019-01-15T11:01:28","slug":"revue-de-presse-album-iana-revue-corrigee-22","status":"publish","type":"post","link":"https:\/\/freddymorezon.org\/en\/2019\/01\/15\/revue-de-presse-album-iana-revue-corrigee-22\/","title":{"rendered":"Revue de presse &#8211; album Iana &#8211; Revue &#038; Corrig\u00e9e 2\/2"},"content":{"rendered":"<blockquote>\n<h4>Revue &#038; Corrig\u00e9e<\/h4>\n<p>Certains albums sont donc plus importants que d&#8217;autres, et celui-l\u00e0 l&#8217;est incontestablement pour l&#8217;originalit\u00e9 de sa d\u00e9marche et le croisement de ses origines. Peut-\u00eatre tenons-nous enfin l&#8217;exemple d&#8217;une fusion r\u00e9elle, puisqu&#8217;issue de styles divers, aptes \u00e0 en g\u00e9n\u00e9rer un troisi\u00e8me auquel nous serions bien en peine de trouver un nom tant il se d\u00e9marque \u00e0 la fois de l&#8217;improvisation libre, du contemporain, voire d&#8217;un hypoth\u00e9tique <em>third stream<\/em>&#8230; En sommes, la sensation demeure d&#8217;avoir atteint ici cette terra incognita qui terrorise autant qu&#8217;elle les fascine les plus aventureux de nos explorateurs.<\/p><\/blockquote>\n<p style=\"text-align: right;\">Jo\u00ebl Pagier, Revue &#038; Corrig\u00e9e n\u00b0118, d\u00e9cembre 2018<\/p>\n","protected":false},"excerpt":{"rendered":"<p>Revue &#038; Corrig\u00e9e Certains albums sont donc plus importants que d&#8217;autres, et celui-l\u00e0 l&#8217;est incontestablement pour l&#8217;originalit\u00e9 de sa d\u00e9marche et le croisement de ses origines. Peut-\u00eatre tenons-nous enfin l&#8217;exemple d&#8217;une fusion r\u00e9elle, puisqu&#8217;issue de styles divers, aptes \u00e0 en g\u00e9n\u00e9rer un troisi\u00e8me auquel nous serions bien en peine de trouver un nom tant il&hellip;<\/p>\n<p><a class=\"more-link\" href=\"https:\/\/freddymorezon.org\/en\/2019\/01\/15\/revue-de-presse-album-iana-revue-corrigee-22\/\" title=\"Continue reading &lsquo;Revue de presse &#8211; album Iana &#8211; Revue &#038; Corrig\u00e9e 2\/2&rsquo;\">Continue reading <span class=\"meta-nav\">&rarr;<\/span><\/a><\/p>\n","protected":false},"author":1,"featured_media":0,"comment_status":"closed","ping_status":"open","sticky":false,"template":"","format":"quote","meta":{"om_disable_all_campaigns":false,"_monsterinsights_skip_tracking":false,"_monsterinsights_sitenote_active":false,"_monsterinsights_sitenote_note":"","_monsterinsights_sitenote_category":0,"_uf_show_specific_survey":0,"_uf_disable_surveys":false,"footnotes":""},"categories":[571,113,90],"tags":[],"class_list":["post-6599","post","type-post","status-publish","format-quote","hentry","category-dune-extreme-a-lautre","category-duo-wodrascka-hovette","category-revue-de-presse","post_format-post-format-quote"],"aioseo_notices":[],"yoast_head":"<!-- This site is optimized with the Yoast SEO plugin v27.4 - https:\/\/yoast.com\/product\/yoast-seo-wordpress\/ -->\n<title>Revue de presse - album Iana - Revue &amp; Corrig\u00e9e 2\/2 | Freddy Morezon<\/title>\n<meta name=\"robots\" content=\"index, follow, max-snippet:-1, max-image-preview:large, max-video-preview:-1\" \/>\n<link rel=\"canonical\" href=\"https:\/\/freddymorezon.org\/2019\/01\/15\/revue-de-presse-album-iana-revue-corrigee-22\/\" \/>\n<meta property=\"og:locale\" content=\"en_US\" \/>\n<meta property=\"og:type\" content=\"article\" \/>\n<meta property=\"og:title\" content=\"Revue de presse - album Iana - Revue &amp; Corrig\u00e9e 2\/2 | Freddy Morezon\" \/>\n<meta property=\"og:description\" content=\"Revue &#038; Corrig\u00e9e Certains albums sont donc plus importants que d&#8217;autres, et celui-l\u00e0 l&#8217;est incontestablement pour l&#8217;originalit\u00e9 de sa d\u00e9marche et le croisement de ses origines. Peut-\u00eatre tenons-nous enfin l&#8217;exemple d&#8217;une fusion r\u00e9elle, puisqu&#8217;issue de styles divers, aptes \u00e0 en g\u00e9n\u00e9rer un troisi\u00e8me auquel nous serions bien en peine de trouver un nom tant il&hellip;Continue reading &rarr;\" \/>\n<meta property=\"og:url\" content=\"https:\/\/freddymorezon.org\/2019\/01\/15\/revue-de-presse-album-iana-revue-corrigee-22\/\" \/>\n<meta property=\"og:site_name\" content=\"Freddy Morezon\" \/>\n<meta property=\"article:publisher\" content=\"https:\/\/www.facebook.com\/freddy.morezon\/\" \/>\n<meta property=\"article:published_time\" content=\"2019-01-15T10:58:59+00:00\" \/>\n<meta property=\"article:modified_time\" content=\"2019-01-15T11:01:28+00:00\" \/>\n<meta property=\"og:image\" content=\"https:\/\/freddymorezon.org\/wp-content\/uploads\/2016\/02\/mini-logo-header-site2.jpg\" \/>\n\t<meta property=\"og:image:width\" content=\"234\" \/>\n\t<meta property=\"og:image:height\" content=\"174\" \/>\n\t<meta property=\"og:image:type\" content=\"image\/jpeg\" \/>\n<meta name=\"author\" content=\"Freddy\" \/>\n<meta name=\"twitter:card\" content=\"summary_large_image\" \/>\n<script type=\"application\/ld+json\" class=\"yoast-schema-graph\">{\"@context\":\"https:\\\/\\\/schema.org\",\"@graph\":[{\"@type\":\"Article\",\"@id\":\"https:\\\/\\\/freddymorezon.org\\\/2019\\\/01\\\/15\\\/revue-de-presse-album-iana-revue-corrigee-22\\\/#article\",\"isPartOf\":{\"@id\":\"https:\\\/\\\/freddymorezon.org\\\/2019\\\/01\\\/15\\\/revue-de-presse-album-iana-revue-corrigee-22\\\/\"},\"author\":{\"name\":\"Freddy\",\"@id\":\"https:\\\/\\\/freddymorezon.org\\\/#\\\/schema\\\/person\\\/1a8436c8147db52efff6caac3517ecaa\"},\"headline\":\"Revue de presse &#8211; album Iana &#8211; Revue &#038; Corrig\u00e9e 2\\\/2\",\"datePublished\":\"2019-01-15T10:58:59+00:00\",\"dateModified\":\"2019-01-15T11:01:28+00:00\",\"mainEntityOfPage\":{\"@id\":\"https:\\\/\\\/freddymorezon.org\\\/2019\\\/01\\\/15\\\/revue-de-presse-album-iana-revue-corrigee-22\\\/\"},\"wordCount\":118,\"publisher\":{\"@id\":\"https:\\\/\\\/freddymorezon.org\\\/#organization\"},\"articleSection\":[\"D'une Extr\u00eame \u00e0 l'autre\",\"Duo Wodrascka-Hovette\",\"Revue de presse\"],\"inLanguage\":\"en-US\"},{\"@type\":\"WebPage\",\"@id\":\"https:\\\/\\\/freddymorezon.org\\\/2019\\\/01\\\/15\\\/revue-de-presse-album-iana-revue-corrigee-22\\\/\",\"url\":\"https:\\\/\\\/freddymorezon.org\\\/2019\\\/01\\\/15\\\/revue-de-presse-album-iana-revue-corrigee-22\\\/\",\"name\":\"Revue de presse - album Iana - Revue & Corrig\u00e9e 2\\\/2 | Freddy Morezon\",\"isPartOf\":{\"@id\":\"https:\\\/\\\/freddymorezon.org\\\/#website\"},\"datePublished\":\"2019-01-15T10:58:59+00:00\",\"dateModified\":\"2019-01-15T11:01:28+00:00\",\"breadcrumb\":{\"@id\":\"https:\\\/\\\/freddymorezon.org\\\/2019\\\/01\\\/15\\\/revue-de-presse-album-iana-revue-corrigee-22\\\/#breadcrumb\"},\"inLanguage\":\"en-US\",\"potentialAction\":[{\"@type\":\"ReadAction\",\"target\":[\"https:\\\/\\\/freddymorezon.org\\\/2019\\\/01\\\/15\\\/revue-de-presse-album-iana-revue-corrigee-22\\\/\"]}]},{\"@type\":\"BreadcrumbList\",\"@id\":\"https:\\\/\\\/freddymorezon.org\\\/2019\\\/01\\\/15\\\/revue-de-presse-album-iana-revue-corrigee-22\\\/#breadcrumb\",\"itemListElement\":[{\"@type\":\"ListItem\",\"position\":1,\"name\":\"Accueil\",\"item\":\"https:\\\/\\\/freddymorezon.org\\\/\"},{\"@type\":\"ListItem\",\"position\":2,\"name\":\"Revue de presse &#8211; album Iana &#8211; Revue &#038; Corrig\u00e9e 2\\\/2\"}]},{\"@type\":\"WebSite\",\"@id\":\"https:\\\/\\\/freddymorezon.org\\\/#website\",\"url\":\"https:\\\/\\\/freddymorezon.org\\\/\",\"name\":\"Freddy Morezon\",\"description\":\"jazz - musique improvis\u00e9e - esth\u00e9tiques plurielles\",\"publisher\":{\"@id\":\"https:\\\/\\\/freddymorezon.org\\\/#organization\"},\"potentialAction\":[{\"@type\":\"SearchAction\",\"target\":{\"@type\":\"EntryPoint\",\"urlTemplate\":\"https:\\\/\\\/freddymorezon.org\\\/?s={search_term_string}\"},\"query-input\":{\"@type\":\"PropertyValueSpecification\",\"valueRequired\":true,\"valueName\":\"search_term_string\"}}],\"inLanguage\":\"en-US\"},{\"@type\":\"Organization\",\"@id\":\"https:\\\/\\\/freddymorezon.org\\\/#organization\",\"name\":\"Association Freddy Morezon\",\"url\":\"https:\\\/\\\/freddymorezon.org\\\/\",\"logo\":{\"@type\":\"ImageObject\",\"inLanguage\":\"en-US\",\"@id\":\"https:\\\/\\\/freddymorezon.org\\\/#\\\/schema\\\/logo\\\/image\\\/\",\"url\":\"https:\\\/\\\/freddymorezon.org\\\/wp-content\\\/uploads\\\/2016\\\/02\\\/mini-logo-header-site2.jpg\",\"contentUrl\":\"https:\\\/\\\/freddymorezon.org\\\/wp-content\\\/uploads\\\/2016\\\/02\\\/mini-logo-header-site2.jpg\",\"width\":234,\"height\":174,\"caption\":\"Association Freddy Morezon\"},\"image\":{\"@id\":\"https:\\\/\\\/freddymorezon.org\\\/#\\\/schema\\\/logo\\\/image\\\/\"},\"sameAs\":[\"https:\\\/\\\/www.facebook.com\\\/freddy.morezon\\\/\",\"https:\\\/\\\/www.instagram.com\\\/freddymorezon\\\/\",\"https:\\\/\\\/www.youtube.com\\\/user\\\/freddymorezon\",\"https:\\\/\\\/fr.linkedin.com\\\/company\\\/freddy-morezon-p.r.o.d.\"]},{\"@type\":\"Person\",\"@id\":\"https:\\\/\\\/freddymorezon.org\\\/#\\\/schema\\\/person\\\/1a8436c8147db52efff6caac3517ecaa\",\"name\":\"Freddy\",\"image\":{\"@type\":\"ImageObject\",\"inLanguage\":\"en-US\",\"@id\":\"https:\\\/\\\/secure.gravatar.com\\\/avatar\\\/3edb0008226bf28bd0535a383351d393876682ef5bf450e1b89d76c72054e7e7?s=96&d=mm&r=g\",\"url\":\"https:\\\/\\\/secure.gravatar.com\\\/avatar\\\/3edb0008226bf28bd0535a383351d393876682ef5bf450e1b89d76c72054e7e7?s=96&d=mm&r=g\",\"contentUrl\":\"https:\\\/\\\/secure.gravatar.com\\\/avatar\\\/3edb0008226bf28bd0535a383351d393876682ef5bf450e1b89d76c72054e7e7?s=96&d=mm&r=g\",\"caption\":\"Freddy\"}}]}<\/script>\n<!-- \/ Yoast SEO plugin. -->","yoast_head_json":{"title":"Revue de presse - album Iana - Revue & Corrig\u00e9e 2\/2 | Freddy Morezon","robots":{"index":"index","follow":"follow","max-snippet":"max-snippet:-1","max-image-preview":"max-image-preview:large","max-video-preview":"max-video-preview:-1"},"canonical":"https:\/\/freddymorezon.org\/2019\/01\/15\/revue-de-presse-album-iana-revue-corrigee-22\/","og_locale":"en_US","og_type":"article","og_title":"Revue de presse - album Iana - Revue & Corrig\u00e9e 2\/2 | Freddy Morezon","og_description":"Revue &#038; Corrig\u00e9e Certains albums sont donc plus importants que d&#8217;autres, et celui-l\u00e0 l&#8217;est incontestablement pour l&#8217;originalit\u00e9 de sa d\u00e9marche et le croisement de ses origines. Peut-\u00eatre tenons-nous enfin l&#8217;exemple d&#8217;une fusion r\u00e9elle, puisqu&#8217;issue de styles divers, aptes \u00e0 en g\u00e9n\u00e9rer un troisi\u00e8me auquel nous serions bien en peine de trouver un nom tant il&hellip;Continue reading &rarr;","og_url":"https:\/\/freddymorezon.org\/2019\/01\/15\/revue-de-presse-album-iana-revue-corrigee-22\/","og_site_name":"Freddy Morezon","article_publisher":"https:\/\/www.facebook.com\/freddy.morezon\/","article_published_time":"2019-01-15T10:58:59+00:00","article_modified_time":"2019-01-15T11:01:28+00:00","og_image":[{"width":234,"height":174,"url":"https:\/\/freddymorezon.org\/wp-content\/uploads\/2016\/02\/mini-logo-header-site2.jpg","type":"image\/jpeg"}],"author":"Freddy","twitter_card":"summary_large_image","schema":{"@context":"https:\/\/schema.org","@graph":[{"@type":"Article","@id":"https:\/\/freddymorezon.org\/2019\/01\/15\/revue-de-presse-album-iana-revue-corrigee-22\/#article","isPartOf":{"@id":"https:\/\/freddymorezon.org\/2019\/01\/15\/revue-de-presse-album-iana-revue-corrigee-22\/"},"author":{"name":"Freddy","@id":"https:\/\/freddymorezon.org\/#\/schema\/person\/1a8436c8147db52efff6caac3517ecaa"},"headline":"Revue de presse &#8211; album Iana &#8211; Revue &#038; Corrig\u00e9e 2\/2","datePublished":"2019-01-15T10:58:59+00:00","dateModified":"2019-01-15T11:01:28+00:00","mainEntityOfPage":{"@id":"https:\/\/freddymorezon.org\/2019\/01\/15\/revue-de-presse-album-iana-revue-corrigee-22\/"},"wordCount":118,"publisher":{"@id":"https:\/\/freddymorezon.org\/#organization"},"articleSection":["D'une Extr\u00eame \u00e0 l'autre","Duo Wodrascka-Hovette","Revue de presse"],"inLanguage":"en-US"},{"@type":"WebPage","@id":"https:\/\/freddymorezon.org\/2019\/01\/15\/revue-de-presse-album-iana-revue-corrigee-22\/","url":"https:\/\/freddymorezon.org\/2019\/01\/15\/revue-de-presse-album-iana-revue-corrigee-22\/","name":"Revue de presse - album Iana - Revue & Corrig\u00e9e 2\/2 | Freddy Morezon","isPartOf":{"@id":"https:\/\/freddymorezon.org\/#website"},"datePublished":"2019-01-15T10:58:59+00:00","dateModified":"2019-01-15T11:01:28+00:00","breadcrumb":{"@id":"https:\/\/freddymorezon.org\/2019\/01\/15\/revue-de-presse-album-iana-revue-corrigee-22\/#breadcrumb"},"inLanguage":"en-US","potentialAction":[{"@type":"ReadAction","target":["https:\/\/freddymorezon.org\/2019\/01\/15\/revue-de-presse-album-iana-revue-corrigee-22\/"]}]},{"@type":"BreadcrumbList","@id":"https:\/\/freddymorezon.org\/2019\/01\/15\/revue-de-presse-album-iana-revue-corrigee-22\/#breadcrumb","itemListElement":[{"@type":"ListItem","position":1,"name":"Accueil","item":"https:\/\/freddymorezon.org\/"},{"@type":"ListItem","position":2,"name":"Revue de presse &#8211; album Iana &#8211; Revue &#038; Corrig\u00e9e 2\/2"}]},{"@type":"WebSite","@id":"https:\/\/freddymorezon.org\/#website","url":"https:\/\/freddymorezon.org\/","name":"Freddy Morezon","description":"jazz - musique improvis\u00e9e - esth\u00e9tiques plurielles","publisher":{"@id":"https:\/\/freddymorezon.org\/#organization"},"potentialAction":[{"@type":"SearchAction","target":{"@type":"EntryPoint","urlTemplate":"https:\/\/freddymorezon.org\/?s={search_term_string}"},"query-input":{"@type":"PropertyValueSpecification","valueRequired":true,"valueName":"search_term_string"}}],"inLanguage":"en-US"},{"@type":"Organization","@id":"https:\/\/freddymorezon.org\/#organization","name":"Association Freddy Morezon","url":"https:\/\/freddymorezon.org\/","logo":{"@type":"ImageObject","inLanguage":"en-US","@id":"https:\/\/freddymorezon.org\/#\/schema\/logo\/image\/","url":"https:\/\/freddymorezon.org\/wp-content\/uploads\/2016\/02\/mini-logo-header-site2.jpg","contentUrl":"https:\/\/freddymorezon.org\/wp-content\/uploads\/2016\/02\/mini-logo-header-site2.jpg","width":234,"height":174,"caption":"Association Freddy Morezon"},"image":{"@id":"https:\/\/freddymorezon.org\/#\/schema\/logo\/image\/"},"sameAs":["https:\/\/www.facebook.com\/freddy.morezon\/","https:\/\/www.instagram.com\/freddymorezon\/","https:\/\/www.youtube.com\/user\/freddymorezon","https:\/\/fr.linkedin.com\/company\/freddy-morezon-p.r.o.d."]},{"@type":"Person","@id":"https:\/\/freddymorezon.org\/#\/schema\/person\/1a8436c8147db52efff6caac3517ecaa","name":"Freddy","image":{"@type":"ImageObject","inLanguage":"en-US","@id":"https:\/\/secure.gravatar.com\/avatar\/3edb0008226bf28bd0535a383351d393876682ef5bf450e1b89d76c72054e7e7?s=96&d=mm&r=g","url":"https:\/\/secure.gravatar.com\/avatar\/3edb0008226bf28bd0535a383351d393876682ef5bf450e1b89d76c72054e7e7?s=96&d=mm&r=g","contentUrl":"https:\/\/secure.gravatar.com\/avatar\/3edb0008226bf28bd0535a383351d393876682ef5bf450e1b89d76c72054e7e7?s=96&d=mm&r=g","caption":"Freddy"}}]}},"_links":{"self":[{"href":"https:\/\/freddymorezon.org\/en\/wp-json\/wp\/v2\/posts\/6599","targetHints":{"allow":["GET"]}}],"collection":[{"href":"https:\/\/freddymorezon.org\/en\/wp-json\/wp\/v2\/posts"}],"about":[{"href":"https:\/\/freddymorezon.org\/en\/wp-json\/wp\/v2\/types\/post"}],"author":[{"embeddable":true,"href":"https:\/\/freddymorezon.org\/en\/wp-json\/wp\/v2\/users\/1"}],"replies":[{"embeddable":true,"href":"https:\/\/freddymorezon.org\/en\/wp-json\/wp\/v2\/comments?post=6599"}],"version-history":[{"count":1,"href":"https:\/\/freddymorezon.org\/en\/wp-json\/wp\/v2\/posts\/6599\/revisions"}],"predecessor-version":[{"id":6600,"href":"https:\/\/freddymorezon.org\/en\/wp-json\/wp\/v2\/posts\/6599\/revisions\/6600"}],"wp:attachment":[{"href":"https:\/\/freddymorezon.org\/en\/wp-json\/wp\/v2\/media?parent=6599"}],"wp:term":[{"taxonomy":"category","embeddable":true,"href":"https:\/\/freddymorezon.org\/en\/wp-json\/wp\/v2\/categories?post=6599"},{"taxonomy":"post_tag","embeddable":true,"href":"https:\/\/freddymorezon.org\/en\/wp-json\/wp\/v2\/tags?post=6599"}],"curies":[{"name":"wp","href":"https:\/\/api.w.org\/{rel}","templated":true}]}}